{"id":6688,"date":"2026-01-29T11:33:00","date_gmt":"2026-01-29T10:33:00","guid":{"rendered":"https:\/\/sitetab3.ac-reims.fr\/ec-chateau-porcien\/-wp-\/?p=6688"},"modified":"2026-01-29T20:33:09","modified_gmt":"2026-01-29T19:33:09","slug":"participation-au-prix-non-au-harcelement","status":"publish","type":"post","link":"https:\/\/sitetab3.ac-reims.fr\/ec-chateau-porcien\/-wp-\/participation-au-prix-non-au-harcelement\/","title":{"rendered":"Participation au prix Non au Harc\u00e8lement"},"content":{"rendered":"\n<p>Le Prix \u00ab\u00a0Non au harc\u00e8lement\u00a0\u00bb est un concours national organis\u00e9 chaque ann\u00e9e par le minist\u00e8re de l\u2019\u00c9ducation nationale et l\u2019association Les Papillons. Il vise \u00e0 sensibiliser les \u00e9l\u00e8ves au harc\u00e8lement scolaire et au cyberharc\u00e8lement tout en les impliquant activement dans la pr\u00e9vention. Voici l&rsquo;affiche cr\u00e9\u00e9e cette ann\u00e9e par la classe des CE1.<\/p>\n\n\n<div class=\"wp-block-image\">\n<figure class=\"aligncenter size-large is-resized\"><img loading=\"lazy\" decoding=\"async\" width=\"1024\" height=\"803\" src=\"https:\/\/sitetab3.ac-reims.fr\/ec-chateau-porcien\/-wp-\/wp-content\/uploads\/2026\/01\/Affiche-NAH-2025-2026-Chateau-Porcien-1024x803.jpeg\" alt=\"\" class=\"wp-image-7096\" style=\"width:434px;height:auto\" srcset=\"https:\/\/sitetab3.ac-reims.fr\/ec-chateau-porcien\/-wp-\/wp-content\/uploads\/2026\/01\/Affiche-NAH-2025-2026-Chateau-Porcien-1024x803.jpeg 1024w, https:\/\/sitetab3.ac-reims.fr\/ec-chateau-porcien\/-wp-\/wp-content\/uploads\/2026\/01\/Affiche-NAH-2025-2026-Chateau-Porcien-300x235.jpeg 300w, https:\/\/sitetab3.ac-reims.fr\/ec-chateau-porcien\/-wp-\/wp-content\/uploads\/2026\/01\/Affiche-NAH-2025-2026-Chateau-Porcien-768x602.jpeg 768w, https:\/\/sitetab3.ac-reims.fr\/ec-chateau-porcien\/-wp-\/wp-content\/uploads\/2026\/01\/Affiche-NAH-2025-2026-Chateau-Porcien-1536x1204.jpeg 1536w, https:\/\/sitetab3.ac-reims.fr\/ec-chateau-porcien\/-wp-\/wp-content\/uploads\/2026\/01\/Affiche-NAH-2025-2026-Chateau-Porcien-2048x1606.jpeg 2048w\" sizes=\"(max-width: 1024px) 100vw, 1024px\" \/><\/figure><\/div>","protected":false},"excerpt":{"rendered":"<p>Le Prix \u00ab\u00a0Non au harc\u00e8lement\u00a0\u00bb est un concours national organis\u00e9 chaque ann\u00e9e par le minist\u00e8re de l\u2019\u00c9ducation nationale et l\u2019association Les Papillons. Il vise \u00e0 sensibiliser les \u00e9l\u00e8ves au harc\u00e8lement scolaire et au cyberharc\u00e8lement tout en les impliquant activement dans la pr\u00e9vention. Voici l&rsquo;affiche cr\u00e9\u00e9e cette ann\u00e9e par la classe des CE1.<\/p>\n","protected":false},"author":1,"featured_media":0,"comment_status":"closed","ping_status":"open","sticky":false,"template":"","format":"standard","meta":{"ngg_post_thumbnail":0,"footnotes":""},"categories":[68],"tags":[],"_links":{"self":[{"href":"https:\/\/sitetab3.ac-reims.fr\/ec-chateau-porcien\/-wp-\/wp-json\/wp\/v2\/posts\/6688"}],"collection":[{"href":"https:\/\/sitetab3.ac-reims.fr\/ec-chateau-porcien\/-wp-\/wp-json\/wp\/v2\/posts"}],"about":[{"href":"https:\/\/sitetab3.ac-reims.fr\/ec-chateau-porcien\/-wp-\/wp-json\/wp\/v2\/types\/post"}],"author":[{"embeddable":true,"href":"https:\/\/sitetab3.ac-reims.fr\/ec-chateau-porcien\/-wp-\/wp-json\/wp\/v2\/users\/1"}],"replies":[{"embeddable":true,"href":"https:\/\/sitetab3.ac-reims.fr\/ec-chateau-porcien\/-wp-\/wp-json\/wp\/v2\/comments?post=6688"}],"version-history":[{"count":3,"href":"https:\/\/sitetab3.ac-reims.fr\/ec-chateau-porcien\/-wp-\/wp-json\/wp\/v2\/posts\/6688\/revisions"}],"predecessor-version":[{"id":7098,"href":"https:\/\/sitetab3.ac-reims.fr\/ec-chateau-porcien\/-wp-\/wp-json\/wp\/v2\/posts\/6688\/revisions\/7098"}],"wp:attachment":[{"href":"https:\/\/sitetab3.ac-reims.fr\/ec-chateau-porcien\/-wp-\/wp-json\/wp\/v2\/media?parent=6688"}],"wp:term":[{"taxonomy":"category","embeddable":true,"href":"https:\/\/sitetab3.ac-reims.fr\/ec-chateau-porcien\/-wp-\/wp-json\/wp\/v2\/categories?post=6688"},{"taxonomy":"post_tag","embeddable":true,"href":"https:\/\/sitetab3.ac-reims.fr\/ec-chateau-porcien\/-wp-\/wp-json\/wp\/v2\/tags?post=6688"}],"curies":[{"name":"wp","href":"https:\/\/api.w.org\/{rel}","templated":true}]}}