{"id":6872,"date":"2025-08-21T18:04:53","date_gmt":"2025-08-21T16:04:53","guid":{"rendered":"https:\/\/sitetab3.ac-reims.fr\/ec-chateau-porcien\/-wp-\/?p=6872"},"modified":"2025-08-21T18:47:44","modified_gmt":"2025-08-21T16:47:44","slug":"pourquoi-notre-ecole-porte-t-elle-le-nom-de-jean-dion","status":"publish","type":"post","link":"https:\/\/sitetab3.ac-reims.fr\/ec-chateau-porcien\/-wp-\/pourquoi-notre-ecole-porte-t-elle-le-nom-de-jean-dion\/","title":{"rendered":"Pourquoi notre \u00e9cole porte-t-elle le nom de Jean Dion?"},"content":{"rendered":"<div class=\"wp-block-image is-style-default\">\n<figure class=\"aligncenter size-medium is-resized\"><img loading=\"lazy\" decoding=\"async\" width=\"300\" height=\"293\" src=\"https:\/\/sitetab3.ac-reims.fr\/ec-chateau-porcien\/-wp-\/wp-content\/uploads\/2025\/08\/Jean-Dion-300x293.jpg\" alt=\"\" class=\"wp-image-6874\" style=\"width:169px;height:auto\" srcset=\"https:\/\/sitetab3.ac-reims.fr\/ec-chateau-porcien\/-wp-\/wp-content\/uploads\/2025\/08\/Jean-Dion-300x293.jpg 300w, https:\/\/sitetab3.ac-reims.fr\/ec-chateau-porcien\/-wp-\/wp-content\/uploads\/2025\/08\/Jean-Dion.jpg 699w\" sizes=\"(max-width: 300px) 100vw, 300px\" \/><\/figure><\/div>\n\n\n<p>Figure locale engag\u00e9e, Jean Dion fut le maire de Ch\u00e2teau\u2011Porcien et le conseiller g\u00e9n\u00e9ral du canton de Ch\u00e2teau\u2011Porcien sous l\u2019\u00e9tiquette politique de la R\u00e9publique\u202fInd\u00e9pendante (RI) de 1970 jusqu\u2019\u00e0 sa disparition en 1980. Agriculteur de formation et profond\u00e9ment attach\u00e9 \u00e0 son territoire, Jean\u202fDion est n\u00e9 le 28 juillet<strong> <\/strong>1925 \u00e0 Mont\u2011Saint\u2011Martin (Ardennes) et s\u2019est \u00e9teint le 2 mai 1980 \u00e0 l&rsquo;issue d&rsquo;une session du Conseil G\u00e9n\u00e9ral \u00e0 la pr\u00e9fecture de Charleville-M\u00e9zi\u00e8res (Ardennes).<\/p>\n\n\n\n<p>Son attachement aux valeurs rurales et \u00e0 l\u2019int\u00e9r\u00eat collectif s&rsquo;est refl\u00e9t\u00e9 dans son action municipale et d\u00e9partementale et c\u2019est en hommage \u00e0 son engagement et pour perp\u00e9tuer son souvenir que l\u2019\u00e9cole porte aujourd\u2019hui son nom. <\/p>\n","protected":false},"excerpt":{"rendered":"<p>Figure locale engag\u00e9e, Jean Dion fut le maire de Ch\u00e2teau\u2011Porcien et le conseiller g\u00e9n\u00e9ral du canton de Ch\u00e2teau\u2011Porcien sous l\u2019\u00e9tiquette politique de la R\u00e9publique\u202fInd\u00e9pendante (RI) de 1970 jusqu\u2019\u00e0 sa disparition en 1980. Agriculteur de formation et profond\u00e9ment attach\u00e9 \u00e0 son territoire, Jean\u202fDion est n\u00e9 le 28 juillet 1925 \u00e0 Mont\u2011Saint\u2011Martin (Ardennes) et s\u2019est \u00e9teint le [&hellip;]<\/p>\n","protected":false},"author":1,"featured_media":0,"comment_status":"closed","ping_status":"open","sticky":false,"template":"","format":"standard","meta":{"ngg_post_thumbnail":0,"footnotes":""},"categories":[79],"tags":[],"_links":{"self":[{"href":"https:\/\/sitetab3.ac-reims.fr\/ec-chateau-porcien\/-wp-\/wp-json\/wp\/v2\/posts\/6872"}],"collection":[{"href":"https:\/\/sitetab3.ac-reims.fr\/ec-chateau-porcien\/-wp-\/wp-json\/wp\/v2\/posts"}],"about":[{"href":"https:\/\/sitetab3.ac-reims.fr\/ec-chateau-porcien\/-wp-\/wp-json\/wp\/v2\/types\/post"}],"author":[{"embeddable":true,"href":"https:\/\/sitetab3.ac-reims.fr\/ec-chateau-porcien\/-wp-\/wp-json\/wp\/v2\/users\/1"}],"replies":[{"embeddable":true,"href":"https:\/\/sitetab3.ac-reims.fr\/ec-chateau-porcien\/-wp-\/wp-json\/wp\/v2\/comments?post=6872"}],"version-history":[{"count":3,"href":"https:\/\/sitetab3.ac-reims.fr\/ec-chateau-porcien\/-wp-\/wp-json\/wp\/v2\/posts\/6872\/revisions"}],"predecessor-version":[{"id":6877,"href":"https:\/\/sitetab3.ac-reims.fr\/ec-chateau-porcien\/-wp-\/wp-json\/wp\/v2\/posts\/6872\/revisions\/6877"}],"wp:attachment":[{"href":"https:\/\/sitetab3.ac-reims.fr\/ec-chateau-porcien\/-wp-\/wp-json\/wp\/v2\/media?parent=6872"}],"wp:term":[{"taxonomy":"category","embeddable":true,"href":"https:\/\/sitetab3.ac-reims.fr\/ec-chateau-porcien\/-wp-\/wp-json\/wp\/v2\/categories?post=6872"},{"taxonomy":"post_tag","embeddable":true,"href":"https:\/\/sitetab3.ac-reims.fr\/ec-chateau-porcien\/-wp-\/wp-json\/wp\/v2\/tags?post=6872"}],"curies":[{"name":"wp","href":"https:\/\/api.w.org\/{rel}","templated":true}]}}