{"id":6895,"date":"2025-11-04T12:11:09","date_gmt":"2025-11-04T11:11:09","guid":{"rendered":"https:\/\/sitetab3.ac-reims.fr\/ec-chateau-porcien\/-wp-\/?p=6895"},"modified":"2025-11-04T12:11:09","modified_gmt":"2025-11-04T11:11:09","slug":"marche-bleue-cm2-ehpad","status":"publish","type":"post","link":"https:\/\/sitetab3.ac-reims.fr\/ec-chateau-porcien\/-wp-\/marche-bleue-cm2-ehpad\/","title":{"rendered":"Marche bleue CM2\/EHPAD"},"content":{"rendered":"\n<p>Les \u00e9l\u00e8ves de CM2 ont particip\u00e9 \u00e0 la Marche Bleue aux c\u00f4t\u00e9s des r\u00e9sidents de l\u2019EHPAD. Sous un magnifique soleil d\u2019automne, enfants et a\u00een\u00e9s ont partag\u00e9 un moment plein de joie et de complicit\u00e9\u00a0: ils ont chant\u00e9, dans\u00e9 et discut\u00e9 ensemble dans une ambiance conviviale. <\/p>\n\n\n<div class=\"wp-block-image\">\n<figure class=\"aligncenter size-full is-resized\"><img loading=\"lazy\" decoding=\"async\" width=\"606\" height=\"561\" src=\"https:\/\/sitetab3.ac-reims.fr\/ec-chateau-porcien\/-wp-\/wp-content\/uploads\/2025\/11\/Marche-bleue-.jpeg\" alt=\"\" class=\"wp-image-6896\" style=\"width:302px;height:auto\" srcset=\"https:\/\/sitetab3.ac-reims.fr\/ec-chateau-porcien\/-wp-\/wp-content\/uploads\/2025\/11\/Marche-bleue-.jpeg 606w, https:\/\/sitetab3.ac-reims.fr\/ec-chateau-porcien\/-wp-\/wp-content\/uploads\/2025\/11\/Marche-bleue--300x278.jpeg 300w\" sizes=\"(max-width: 606px) 100vw, 606px\" \/><\/figure><\/div>\n\n\n<p>Un grand bravo aux CM2 pour leur enthousiasme, leur gentillesse et la qualit\u00e9 de ce moment qu\u2019ils ont su offrir aux r\u00e9sidents. <\/p>\n","protected":false},"excerpt":{"rendered":"<p>Les \u00e9l\u00e8ves de CM2 ont particip\u00e9 \u00e0 la Marche Bleue aux c\u00f4t\u00e9s des r\u00e9sidents de l\u2019EHPAD. Sous un magnifique soleil d\u2019automne, enfants et a\u00een\u00e9s ont partag\u00e9 un moment plein de joie et de complicit\u00e9\u00a0: ils ont chant\u00e9, dans\u00e9 et discut\u00e9 ensemble dans une ambiance conviviale. Un grand bravo aux CM2 pour leur enthousiasme, leur gentillesse [&hellip;]<\/p>\n","protected":false},"author":1,"featured_media":0,"comment_status":"closed","ping_status":"open","sticky":false,"template":"","format":"standard","meta":{"ngg_post_thumbnail":0,"footnotes":""},"categories":[75],"tags":[],"_links":{"self":[{"href":"https:\/\/sitetab3.ac-reims.fr\/ec-chateau-porcien\/-wp-\/wp-json\/wp\/v2\/posts\/6895"}],"collection":[{"href":"https:\/\/sitetab3.ac-reims.fr\/ec-chateau-porcien\/-wp-\/wp-json\/wp\/v2\/posts"}],"about":[{"href":"https:\/\/sitetab3.ac-reims.fr\/ec-chateau-porcien\/-wp-\/wp-json\/wp\/v2\/types\/post"}],"author":[{"embeddable":true,"href":"https:\/\/sitetab3.ac-reims.fr\/ec-chateau-porcien\/-wp-\/wp-json\/wp\/v2\/users\/1"}],"replies":[{"embeddable":true,"href":"https:\/\/sitetab3.ac-reims.fr\/ec-chateau-porcien\/-wp-\/wp-json\/wp\/v2\/comments?post=6895"}],"version-history":[{"count":1,"href":"https:\/\/sitetab3.ac-reims.fr\/ec-chateau-porcien\/-wp-\/wp-json\/wp\/v2\/posts\/6895\/revisions"}],"predecessor-version":[{"id":6897,"href":"https:\/\/sitetab3.ac-reims.fr\/ec-chateau-porcien\/-wp-\/wp-json\/wp\/v2\/posts\/6895\/revisions\/6897"}],"wp:attachment":[{"href":"https:\/\/sitetab3.ac-reims.fr\/ec-chateau-porcien\/-wp-\/wp-json\/wp\/v2\/media?parent=6895"}],"wp:term":[{"taxonomy":"category","embeddable":true,"href":"https:\/\/sitetab3.ac-reims.fr\/ec-chateau-porcien\/-wp-\/wp-json\/wp\/v2\/categories?post=6895"},{"taxonomy":"post_tag","embeddable":true,"href":"https:\/\/sitetab3.ac-reims.fr\/ec-chateau-porcien\/-wp-\/wp-json\/wp\/v2\/tags?post=6895"}],"curies":[{"name":"wp","href":"https:\/\/api.w.org\/{rel}","templated":true}]}}