{"id":6911,"date":"2025-11-18T10:20:28","date_gmt":"2025-11-18T09:20:28","guid":{"rendered":"https:\/\/sitetab3.ac-reims.fr\/ec-chateau-porcien\/-wp-\/?p=6911"},"modified":"2025-11-18T10:20:28","modified_gmt":"2025-11-18T09:20:28","slug":"p-a-s-pole-dappui-a-la-scolarite","status":"publish","type":"post","link":"https:\/\/sitetab3.ac-reims.fr\/ec-chateau-porcien\/-wp-\/p-a-s-pole-dappui-a-la-scolarite\/","title":{"rendered":"P.A.S: P\u00f4le d&rsquo;Appui \u00e0 la Scolarit\u00e9"},"content":{"rendered":"\n<p>Ce nouveau service de l\u2019\u00c9ducation Nationale accompagne les \u00e9l\u00e8ves pr\u00e9sentant des <strong>besoins \u00e9ducatifs particuliers <\/strong>et propose des r\u00e9ponses rapides et adapt\u00e9es. Le PAS peut \u00eatre sollicit\u00e9 lorsqu\u2019un enfant rencontre des difficult\u00e9s d\u2019adaptation dans son environnement scolaire, que celles-ci soient en lien avec les apprentissages, son comportement, son organisation ou plus largement son bien-\u00eatre \u00e0 l\u2019\u00e9cole.<br>Il ne s\u2019agit ni d\u2019un lieu de diagnostic ni d\u2019un dispositif r\u00e9serv\u00e9 aux \u00e9l\u00e8ves en situation de handicap mais d\u2019un <strong>appui de premier niveau <\/strong>en collaboration avec les familles et les enseignants.<\/p>\n\n\n<div class=\"wp-block-image\">\n<figure class=\"aligncenter size-full is-resized\"><img loading=\"lazy\" decoding=\"async\" width=\"978\" height=\"560\" src=\"https:\/\/sitetab3.ac-reims.fr\/ec-chateau-porcien\/-wp-\/wp-content\/uploads\/2025\/11\/Besoins-educatifs-particuliers.png\" alt=\"\" class=\"wp-image-6916\" style=\"width:527px;height:auto\" srcset=\"https:\/\/sitetab3.ac-reims.fr\/ec-chateau-porcien\/-wp-\/wp-content\/uploads\/2025\/11\/Besoins-educatifs-particuliers.png 978w, https:\/\/sitetab3.ac-reims.fr\/ec-chateau-porcien\/-wp-\/wp-content\/uploads\/2025\/11\/Besoins-educatifs-particuliers-300x172.png 300w, https:\/\/sitetab3.ac-reims.fr\/ec-chateau-porcien\/-wp-\/wp-content\/uploads\/2025\/11\/Besoins-educatifs-particuliers-768x440.png 768w\" sizes=\"(max-width: 978px) 100vw, 978px\" \/><\/figure><\/div>\n\n\n<p>En tant que parents, <strong>vous avez la possibilit\u00e9 de<\/strong> <strong>saisir directement le PAS<\/strong> si vous estimez que votre enfant a besoin d\u2019un soutien particulier. N\u2019h\u00e9sitez pas \u00e0 contacter l&rsquo;\u00e9cole si vous souhaitez un accompagnement dans cette d\u00e9marche.<\/p>\n\n\n\n<div data-wp-interactive=\"core\/file\" class=\"wp-block-file\"><object data-wp-bind--hidden=\"!state.hasPdfPreview\"  class=\"wp-block-file__embed\" data=\"https:\/\/sitetab3.ac-reims.fr\/ec-chateau-porcien\/-wp-\/wp-content\/uploads\/2025\/11\/Flyer-PAS-Ardennes-Sud-Ouest-1.pdf\" type=\"application\/pdf\" style=\"width:100%;height:410px\" aria-label=\"Contenu embarqu\u00e9 Flyer-PAS-Ardennes-Sud-Ouest-1.\"><\/object><a id=\"wp-block-file--media-7d1f3088-a3d6-4050-baf4-d61d00238097\" href=\"https:\/\/sitetab3.ac-reims.fr\/ec-chateau-porcien\/-wp-\/wp-content\/uploads\/2025\/11\/Flyer-PAS-Ardennes-Sud-Ouest-1.pdf\">Flyer-PAS-Ardennes-Sud-Ouest-1<\/a><a href=\"https:\/\/sitetab3.ac-reims.fr\/ec-chateau-porcien\/-wp-\/wp-content\/uploads\/2025\/11\/Flyer-PAS-Ardennes-Sud-Ouest-1.pdf\" class=\"wp-block-file__button wp-element-button\" download aria-describedby=\"wp-block-file--media-7d1f3088-a3d6-4050-baf4-d61d00238097\">T\u00e9l\u00e9charger<\/a><\/div>\n\n\n\n<div data-wp-interactive=\"core\/file\" class=\"wp-block-file\"><object data-wp-bind--hidden=\"!state.hasPdfPreview\"  class=\"wp-block-file__embed\" data=\"https:\/\/sitetab3.ac-reims.fr\/ec-chateau-porcien\/-wp-\/wp-content\/uploads\/2025\/11\/Fiche-saisine-responsables-legaux-ARDENNES-SUD-OUEST.pdf\" type=\"application\/pdf\" style=\"width:100%;height:260px\" aria-label=\"Contenu embarqu\u00e9 Fiche-saisine-responsables-legaux-ARDENNES-SUD-OUEST.\"><\/object><a id=\"wp-block-file--media-e7137e10-32a5-4c7f-bdc2-d05b40dc4c53\" href=\"https:\/\/sitetab3.ac-reims.fr\/ec-chateau-porcien\/-wp-\/wp-content\/uploads\/2025\/11\/Fiche-saisine-responsables-legaux-ARDENNES-SUD-OUEST.pdf\">Fiche-saisine-responsables-legaux-ARDENNES-SUD-OUEST<\/a><a href=\"https:\/\/sitetab3.ac-reims.fr\/ec-chateau-porcien\/-wp-\/wp-content\/uploads\/2025\/11\/Fiche-saisine-responsables-legaux-ARDENNES-SUD-OUEST.pdf\" class=\"wp-block-file__button wp-element-button\" download aria-describedby=\"wp-block-file--media-e7137e10-32a5-4c7f-bdc2-d05b40dc4c53\">T\u00e9l\u00e9charger<\/a><\/div>\n","protected":false},"excerpt":{"rendered":"<p>Ce nouveau service de l\u2019\u00c9ducation Nationale accompagne les \u00e9l\u00e8ves pr\u00e9sentant des besoins \u00e9ducatifs particuliers et propose des r\u00e9ponses rapides et adapt\u00e9es. Le PAS peut \u00eatre sollicit\u00e9 lorsqu\u2019un enfant rencontre des difficult\u00e9s d\u2019adaptation dans son environnement scolaire, que celles-ci soient en lien avec les apprentissages, son comportement, son organisation ou plus largement son bien-\u00eatre \u00e0 l\u2019\u00e9cole.Il [&hellip;]<\/p>\n","protected":false},"author":1,"featured_media":0,"comment_status":"closed","ping_status":"open","sticky":false,"template":"","format":"standard","meta":{"ngg_post_thumbnail":0,"footnotes":""},"categories":[76],"tags":[],"_links":{"self":[{"href":"https:\/\/sitetab3.ac-reims.fr\/ec-chateau-porcien\/-wp-\/wp-json\/wp\/v2\/posts\/6911"}],"collection":[{"href":"https:\/\/sitetab3.ac-reims.fr\/ec-chateau-porcien\/-wp-\/wp-json\/wp\/v2\/posts"}],"about":[{"href":"https:\/\/sitetab3.ac-reims.fr\/ec-chateau-porcien\/-wp-\/wp-json\/wp\/v2\/types\/post"}],"author":[{"embeddable":true,"href":"https:\/\/sitetab3.ac-reims.fr\/ec-chateau-porcien\/-wp-\/wp-json\/wp\/v2\/users\/1"}],"replies":[{"embeddable":true,"href":"https:\/\/sitetab3.ac-reims.fr\/ec-chateau-porcien\/-wp-\/wp-json\/wp\/v2\/comments?post=6911"}],"version-history":[{"count":1,"href":"https:\/\/sitetab3.ac-reims.fr\/ec-chateau-porcien\/-wp-\/wp-json\/wp\/v2\/posts\/6911\/revisions"}],"predecessor-version":[{"id":6917,"href":"https:\/\/sitetab3.ac-reims.fr\/ec-chateau-porcien\/-wp-\/wp-json\/wp\/v2\/posts\/6911\/revisions\/6917"}],"wp:attachment":[{"href":"https:\/\/sitetab3.ac-reims.fr\/ec-chateau-porcien\/-wp-\/wp-json\/wp\/v2\/media?parent=6911"}],"wp:term":[{"taxonomy":"category","embeddable":true,"href":"https:\/\/sitetab3.ac-reims.fr\/ec-chateau-porcien\/-wp-\/wp-json\/wp\/v2\/categories?post=6911"},{"taxonomy":"post_tag","embeddable":true,"href":"https:\/\/sitetab3.ac-reims.fr\/ec-chateau-porcien\/-wp-\/wp-json\/wp\/v2\/tags?post=6911"}],"curies":[{"name":"wp","href":"https:\/\/api.w.org\/{rel}","templated":true}]}}