{"id":6920,"date":"2025-11-19T17:32:56","date_gmt":"2025-11-19T16:32:56","guid":{"rendered":"https:\/\/sitetab3.ac-reims.fr\/ec-chateau-porcien\/-wp-\/?p=6920"},"modified":"2025-11-19T17:32:56","modified_gmt":"2025-11-19T16:32:56","slug":"une-mission-de-confiance-les-cm2-testent-le-livret-ariena-avant-sa-diffusion-regionale","status":"publish","type":"post","link":"https:\/\/sitetab3.ac-reims.fr\/ec-chateau-porcien\/-wp-\/une-mission-de-confiance-les-cm2-testent-le-livret-ariena-avant-sa-diffusion-regionale\/","title":{"rendered":"Une mission de confiance: les CM2 testent le livret ARIENA avant sa diffusion r\u00e9gionale"},"content":{"rendered":"\n<p>Notre classe de CM2 a \u00e9t\u00e9 s\u00e9lectionn\u00e9e pour participer \u00e0 une mission tr\u00e8s sp\u00e9ciale: <strong>tester avant sa diffusion r\u00e9gionale le nouveau num\u00e9ro du livret Ariena<\/strong> (Association r\u00e9gionale pour l\u2019Initiation \u00e0 l\u2019Environnement et \u00e0 la Nature en Alsace\/Grand Est).<\/p>\n\n\n<div class=\"wp-block-image\">\n<figure class=\"aligncenter size-full is-resized\"><img loading=\"lazy\" decoding=\"async\" width=\"1024\" height=\"768\" src=\"https:\/\/sitetab3.ac-reims.fr\/ec-chateau-porcien\/-wp-\/wp-content\/uploads\/2025\/11\/ARIENA-rotated.jpg\" alt=\"\" class=\"wp-image-6921\" style=\"width:389px;height:auto\" srcset=\"https:\/\/sitetab3.ac-reims.fr\/ec-chateau-porcien\/-wp-\/wp-content\/uploads\/2025\/11\/ARIENA-rotated.jpg 1024w, https:\/\/sitetab3.ac-reims.fr\/ec-chateau-porcien\/-wp-\/wp-content\/uploads\/2025\/11\/ARIENA-300x225.jpg 300w, https:\/\/sitetab3.ac-reims.fr\/ec-chateau-porcien\/-wp-\/wp-content\/uploads\/2025\/11\/ARIENA-768x576.jpg 768w\" sizes=\"(max-width: 1024px) 100vw, 1024px\" \/><\/figure><\/div>\n\n\n<p>Qu\u2019est-ce que ce livret ? Il s\u2019agit d\u2019un outil p\u00e9dagogique destin\u00e9 aux classes de notre r\u00e9gion (notamment CM1\/CM2) afin de sensibiliser les \u00e9l\u00e8ves \u00e0 la nature, \u00e0 l\u2019environnement et \u00e0 la biodiversit\u00e9.<\/p>\n\n\n\n<p>Avec Goulven Charpy de \u201cLa Maison de la Nature\u201d, les CM2 ont donc l\u2019honneur et la grande responsabilit\u00e9 d&rsquo;\u00eatre les ambassadeurs de cette nouvelle \u00e9dition du livret et de participer activement \u00e0 son am\u00e9lioration. <a href=\"https:\/\/ariena.org\/ressources-pedagogiques\/outils-pedagogiques\/cahier-ariena\">https:\/\/ariena.org\/ressources-pedagogiques\/outils-pedagogiques\/cahier-ariena<\/a><\/p>\n","protected":false},"excerpt":{"rendered":"<p>Notre classe de CM2 a \u00e9t\u00e9 s\u00e9lectionn\u00e9e pour participer \u00e0 une mission tr\u00e8s sp\u00e9ciale: tester avant sa diffusion r\u00e9gionale le nouveau num\u00e9ro du livret Ariena (Association r\u00e9gionale pour l\u2019Initiation \u00e0 l\u2019Environnement et \u00e0 la Nature en Alsace\/Grand Est). Qu\u2019est-ce que ce livret ? Il s\u2019agit d\u2019un outil p\u00e9dagogique destin\u00e9 aux classes de notre r\u00e9gion (notamment [&hellip;]<\/p>\n","protected":false},"author":1,"featured_media":0,"comment_status":"closed","ping_status":"open","sticky":false,"template":"","format":"standard","meta":{"ngg_post_thumbnail":0,"footnotes":""},"categories":[74],"tags":[],"_links":{"self":[{"href":"https:\/\/sitetab3.ac-reims.fr\/ec-chateau-porcien\/-wp-\/wp-json\/wp\/v2\/posts\/6920"}],"collection":[{"href":"https:\/\/sitetab3.ac-reims.fr\/ec-chateau-porcien\/-wp-\/wp-json\/wp\/v2\/posts"}],"about":[{"href":"https:\/\/sitetab3.ac-reims.fr\/ec-chateau-porcien\/-wp-\/wp-json\/wp\/v2\/types\/post"}],"author":[{"embeddable":true,"href":"https:\/\/sitetab3.ac-reims.fr\/ec-chateau-porcien\/-wp-\/wp-json\/wp\/v2\/users\/1"}],"replies":[{"embeddable":true,"href":"https:\/\/sitetab3.ac-reims.fr\/ec-chateau-porcien\/-wp-\/wp-json\/wp\/v2\/comments?post=6920"}],"version-history":[{"count":1,"href":"https:\/\/sitetab3.ac-reims.fr\/ec-chateau-porcien\/-wp-\/wp-json\/wp\/v2\/posts\/6920\/revisions"}],"predecessor-version":[{"id":6922,"href":"https:\/\/sitetab3.ac-reims.fr\/ec-chateau-porcien\/-wp-\/wp-json\/wp\/v2\/posts\/6920\/revisions\/6922"}],"wp:attachment":[{"href":"https:\/\/sitetab3.ac-reims.fr\/ec-chateau-porcien\/-wp-\/wp-json\/wp\/v2\/media?parent=6920"}],"wp:term":[{"taxonomy":"category","embeddable":true,"href":"https:\/\/sitetab3.ac-reims.fr\/ec-chateau-porcien\/-wp-\/wp-json\/wp\/v2\/categories?post=6920"},{"taxonomy":"post_tag","embeddable":true,"href":"https:\/\/sitetab3.ac-reims.fr\/ec-chateau-porcien\/-wp-\/wp-json\/wp\/v2\/tags?post=6920"}],"curies":[{"name":"wp","href":"https:\/\/api.w.org\/{rel}","templated":true}]}}