{"id":6949,"date":"2025-12-08T10:25:48","date_gmt":"2025-12-08T09:25:48","guid":{"rendered":"https:\/\/sitetab3.ac-reims.fr\/ec-chateau-porcien\/-wp-\/?p=6949"},"modified":"2025-12-08T10:25:48","modified_gmt":"2025-12-08T09:25:48","slug":"kit-dhygiene-bucco-dentaire-pour-les-ps","status":"publish","type":"post","link":"https:\/\/sitetab3.ac-reims.fr\/ec-chateau-porcien\/-wp-\/kit-dhygiene-bucco-dentaire-pour-les-ps\/","title":{"rendered":"Kit d&rsquo;hygi\u00e8ne bucco-dentaire pour les PS"},"content":{"rendered":"\n<p>La <em>Communaut\u00e9 Pluriprofessionnelle Territoriale de Sant\u00e9 du Rethelois (CPTS) <\/em>est engag\u00e9e dans des actions de pr\u00e9vention aux c\u00f4t\u00e9s de notre \u00e9cole. C&rsquo;est parce que seulement 33% des enfants de 3 ans ont r\u00e9alis\u00e9 leur bilan bucco-dentaire aupr\u00e8s d&rsquo;un chirurgien dentiste que le CPTS tient \u00e0 sensibiliser les \u00e9l\u00e8ves de PS et leurs familles : un kit d&rsquo;hygi\u00e8ne bucco-dentaire est ainsi remis \u00e0 tous les \u00e9l\u00e8ves de PS. <\/p>\n\n\n<div class=\"wp-block-image\">\n<figure class=\"aligncenter size-full is-resized\"><img loading=\"lazy\" decoding=\"async\" width=\"1000\" height=\"750\" src=\"https:\/\/sitetab3.ac-reims.fr\/ec-chateau-porcien\/-wp-\/wp-content\/uploads\/2025\/12\/Kit-bucco-dentaire-2025.jpg\" alt=\"\" class=\"wp-image-6950\" style=\"width:256px;height:auto\" srcset=\"https:\/\/sitetab3.ac-reims.fr\/ec-chateau-porcien\/-wp-\/wp-content\/uploads\/2025\/12\/Kit-bucco-dentaire-2025.jpg 1000w, https:\/\/sitetab3.ac-reims.fr\/ec-chateau-porcien\/-wp-\/wp-content\/uploads\/2025\/12\/Kit-bucco-dentaire-2025-300x225.jpg 300w, https:\/\/sitetab3.ac-reims.fr\/ec-chateau-porcien\/-wp-\/wp-content\/uploads\/2025\/12\/Kit-bucco-dentaire-2025-768x576.jpg 768w\" sizes=\"(max-width: 1000px) 100vw, 1000px\" \/><\/figure><\/div>\n\n\n<p class=\"has-text-align-center\">Prendre soin de ses dents d\u00e8s le plus jeune \u00e2ge, c&rsquo;est important.<\/p>\n","protected":false},"excerpt":{"rendered":"<p>La Communaut\u00e9 Pluriprofessionnelle Territoriale de Sant\u00e9 du Rethelois (CPTS) est engag\u00e9e dans des actions de pr\u00e9vention aux c\u00f4t\u00e9s de notre \u00e9cole. C&rsquo;est parce que seulement 33% des enfants de 3 ans ont r\u00e9alis\u00e9 leur bilan bucco-dentaire aupr\u00e8s d&rsquo;un chirurgien dentiste que le CPTS tient \u00e0 sensibiliser les \u00e9l\u00e8ves de PS et leurs familles : un [&hellip;]<\/p>\n","protected":false},"author":1,"featured_media":0,"comment_status":"closed","ping_status":"open","sticky":false,"template":"","format":"standard","meta":{"ngg_post_thumbnail":0,"footnotes":""},"categories":[76],"tags":[],"_links":{"self":[{"href":"https:\/\/sitetab3.ac-reims.fr\/ec-chateau-porcien\/-wp-\/wp-json\/wp\/v2\/posts\/6949"}],"collection":[{"href":"https:\/\/sitetab3.ac-reims.fr\/ec-chateau-porcien\/-wp-\/wp-json\/wp\/v2\/posts"}],"about":[{"href":"https:\/\/sitetab3.ac-reims.fr\/ec-chateau-porcien\/-wp-\/wp-json\/wp\/v2\/types\/post"}],"author":[{"embeddable":true,"href":"https:\/\/sitetab3.ac-reims.fr\/ec-chateau-porcien\/-wp-\/wp-json\/wp\/v2\/users\/1"}],"replies":[{"embeddable":true,"href":"https:\/\/sitetab3.ac-reims.fr\/ec-chateau-porcien\/-wp-\/wp-json\/wp\/v2\/comments?post=6949"}],"version-history":[{"count":1,"href":"https:\/\/sitetab3.ac-reims.fr\/ec-chateau-porcien\/-wp-\/wp-json\/wp\/v2\/posts\/6949\/revisions"}],"predecessor-version":[{"id":6951,"href":"https:\/\/sitetab3.ac-reims.fr\/ec-chateau-porcien\/-wp-\/wp-json\/wp\/v2\/posts\/6949\/revisions\/6951"}],"wp:attachment":[{"href":"https:\/\/sitetab3.ac-reims.fr\/ec-chateau-porcien\/-wp-\/wp-json\/wp\/v2\/media?parent=6949"}],"wp:term":[{"taxonomy":"category","embeddable":true,"href":"https:\/\/sitetab3.ac-reims.fr\/ec-chateau-porcien\/-wp-\/wp-json\/wp\/v2\/categories?post=6949"},{"taxonomy":"post_tag","embeddable":true,"href":"https:\/\/sitetab3.ac-reims.fr\/ec-chateau-porcien\/-wp-\/wp-json\/wp\/v2\/tags?post=6949"}],"curies":[{"name":"wp","href":"https:\/\/api.w.org\/{rel}","templated":true}]}}