{"id":6965,"date":"2025-12-14T09:34:59","date_gmt":"2025-12-14T08:34:59","guid":{"rendered":"https:\/\/sitetab3.ac-reims.fr\/ec-chateau-porcien\/-wp-\/?p=6965"},"modified":"2025-12-15T13:46:38","modified_gmt":"2025-12-15T12:46:38","slug":"visite-princiere-a-chateau-porcien","status":"publish","type":"post","link":"https:\/\/sitetab3.ac-reims.fr\/ec-chateau-porcien\/-wp-\/visite-princiere-a-chateau-porcien\/","title":{"rendered":"Visite princi\u00e8re \u00e0 Ch\u00e2teau-Porcien"},"content":{"rendered":"<div class=\"wp-block-image\">\n<figure class=\"alignleft size-full is-resized\"><img loading=\"lazy\" decoding=\"async\" width=\"800\" height=\"600\" src=\"https:\/\/sitetab3.ac-reims.fr\/ec-chateau-porcien\/-wp-\/wp-content\/uploads\/2025\/12\/IMG-20251215-WA0002.jpg\" alt=\"\" class=\"wp-image-6971\" style=\"width:291px;height:auto\" srcset=\"https:\/\/sitetab3.ac-reims.fr\/ec-chateau-porcien\/-wp-\/wp-content\/uploads\/2025\/12\/IMG-20251215-WA0002.jpg 800w, https:\/\/sitetab3.ac-reims.fr\/ec-chateau-porcien\/-wp-\/wp-content\/uploads\/2025\/12\/IMG-20251215-WA0002-300x225.jpg 300w, https:\/\/sitetab3.ac-reims.fr\/ec-chateau-porcien\/-wp-\/wp-content\/uploads\/2025\/12\/IMG-20251215-WA0002-768x576.jpg 768w\" sizes=\"(max-width: 800px) 100vw, 800px\" \/><\/figure><\/div>\n\n\n<p>Ce samedi 13 d\u00e9cembre, une d\u00e9l\u00e9gation d&rsquo;\u00e9l\u00e8ves a \u00e9t\u00e9 invit\u00e9e par la mairie de Ch\u00e2teau-Porcien \u00e0 accueillir Son Altesse S\u00e9r\u00e9nissime Le Prince Albert II de Monaco et sa s\u0153ur la Princesse Caroline de Hanovre en visite officielle dans la commune. Cette rencontre a rappel\u00e9 le lien historique qui unit Ch\u00e2teau-Porcien \u00e0 la famille Grimaldi.<\/p>\n\n\n\n<p>Le Prince et la Princesse ont fait preuve d\u2019une grande disponibilit\u00e9. Ils ont pris le temps d\u2019\u00e9changer avec les enfants, de r\u00e9pondre \u00e0 leurs questions, de poser pour des photos et de recevoir au nom des habitants le bouquet offert par Tr\u00e9vor et Victorine.<\/p>\n\n\n<div class=\"wp-block-image\">\n<figure class=\"aligncenter size-large is-resized\"><img loading=\"lazy\" decoding=\"async\" width=\"756\" height=\"1024\" src=\"https:\/\/sitetab3.ac-reims.fr\/ec-chateau-porcien\/-wp-\/wp-content\/uploads\/2025\/12\/20251213_130429-1-756x1024.jpg\" alt=\"\" class=\"wp-image-6973\" style=\"width:176px;height:auto\" srcset=\"https:\/\/sitetab3.ac-reims.fr\/ec-chateau-porcien\/-wp-\/wp-content\/uploads\/2025\/12\/20251213_130429-1-756x1024.jpg 756w, https:\/\/sitetab3.ac-reims.fr\/ec-chateau-porcien\/-wp-\/wp-content\/uploads\/2025\/12\/20251213_130429-1-221x300.jpg 221w, https:\/\/sitetab3.ac-reims.fr\/ec-chateau-porcien\/-wp-\/wp-content\/uploads\/2025\/12\/20251213_130429-1-768x1041.jpg 768w, https:\/\/sitetab3.ac-reims.fr\/ec-chateau-porcien\/-wp-\/wp-content\/uploads\/2025\/12\/20251213_130429-1.jpg 868w\" sizes=\"(max-width: 756px) 100vw, 756px\" \/><\/figure><\/div>\n\n\n<p>Bravo aux \u00e9l\u00e8ves, ils ont \u00e9t\u00e9 exemplaires tout au long de ce moment \u00e0 la fois officiel et extr\u00eamement chaleureux.<\/p>\n","protected":false},"excerpt":{"rendered":"<p>Ce samedi 13 d\u00e9cembre, une d\u00e9l\u00e9gation d&rsquo;\u00e9l\u00e8ves a \u00e9t\u00e9 invit\u00e9e par la mairie de Ch\u00e2teau-Porcien \u00e0 accueillir Son Altesse S\u00e9r\u00e9nissime Le Prince Albert II de Monaco et sa s\u0153ur la Princesse Caroline de Hanovre en visite officielle dans la commune. Cette rencontre a rappel\u00e9 le lien historique qui unit Ch\u00e2teau-Porcien \u00e0 la famille Grimaldi. Le [&hellip;]<\/p>\n","protected":false},"author":1,"featured_media":0,"comment_status":"closed","ping_status":"open","sticky":false,"template":"","format":"standard","meta":{"ngg_post_thumbnail":0,"footnotes":""},"categories":[76],"tags":[],"_links":{"self":[{"href":"https:\/\/sitetab3.ac-reims.fr\/ec-chateau-porcien\/-wp-\/wp-json\/wp\/v2\/posts\/6965"}],"collection":[{"href":"https:\/\/sitetab3.ac-reims.fr\/ec-chateau-porcien\/-wp-\/wp-json\/wp\/v2\/posts"}],"about":[{"href":"https:\/\/sitetab3.ac-reims.fr\/ec-chateau-porcien\/-wp-\/wp-json\/wp\/v2\/types\/post"}],"author":[{"embeddable":true,"href":"https:\/\/sitetab3.ac-reims.fr\/ec-chateau-porcien\/-wp-\/wp-json\/wp\/v2\/users\/1"}],"replies":[{"embeddable":true,"href":"https:\/\/sitetab3.ac-reims.fr\/ec-chateau-porcien\/-wp-\/wp-json\/wp\/v2\/comments?post=6965"}],"version-history":[{"count":6,"href":"https:\/\/sitetab3.ac-reims.fr\/ec-chateau-porcien\/-wp-\/wp-json\/wp\/v2\/posts\/6965\/revisions"}],"predecessor-version":[{"id":6977,"href":"https:\/\/sitetab3.ac-reims.fr\/ec-chateau-porcien\/-wp-\/wp-json\/wp\/v2\/posts\/6965\/revisions\/6977"}],"wp:attachment":[{"href":"https:\/\/sitetab3.ac-reims.fr\/ec-chateau-porcien\/-wp-\/wp-json\/wp\/v2\/media?parent=6965"}],"wp:term":[{"taxonomy":"category","embeddable":true,"href":"https:\/\/sitetab3.ac-reims.fr\/ec-chateau-porcien\/-wp-\/wp-json\/wp\/v2\/categories?post=6965"},{"taxonomy":"post_tag","embeddable":true,"href":"https:\/\/sitetab3.ac-reims.fr\/ec-chateau-porcien\/-wp-\/wp-json\/wp\/v2\/tags?post=6965"}],"curies":[{"name":"wp","href":"https:\/\/api.w.org\/{rel}","templated":true}]}}