{"id":6980,"date":"2025-12-15T16:54:32","date_gmt":"2025-12-15T15:54:32","guid":{"rendered":"https:\/\/sitetab3.ac-reims.fr\/ec-chateau-porcien\/-wp-\/?p=6980"},"modified":"2025-12-15T16:54:32","modified_gmt":"2025-12-15T15:54:32","slug":"don-du-secours-populaire-a-notre-ecole","status":"publish","type":"post","link":"https:\/\/sitetab3.ac-reims.fr\/ec-chateau-porcien\/-wp-\/don-du-secours-populaire-a-notre-ecole\/","title":{"rendered":"Don du Secours Populaire \u00e0 notre \u00e9cole"},"content":{"rendered":"\n<p>En raison de nos actions solidaires communes, notre \u00e9cole entretient depuis plusieurs ann\u00e9es des liens forts avec le Secours Populaire. Aujourd\u2019hui, c&rsquo;est l&rsquo;\u00e9cole qui a eu l&rsquo;honneur de recevoir un g\u00e9n\u00e9reux don: du mat\u00e9riel sportif destin\u00e9 aux \u00e9l\u00e8ves de la maternelle<\/p>\n\n\n\n<p>Un immense merci au Secours Populaire pour l\u2019attention port\u00e9e \u00e0 notre \u00e9cole et pour ce beau cadeau qui t\u00e9moigne une nouvelle fois de son engagement et de sa solidarit\u00e9 envers les plus jeunes.<\/p>\n\n\n<div class=\"wp-block-image\">\n<figure class=\"aligncenter size-full is-resized\"><img loading=\"lazy\" decoding=\"async\" width=\"842\" height=\"607\" src=\"https:\/\/sitetab3.ac-reims.fr\/ec-chateau-porcien\/-wp-\/wp-content\/uploads\/2025\/12\/Don-materiel-sportif-2025.jpg\" alt=\"\" class=\"wp-image-6981\" style=\"width:388px;height:auto\" srcset=\"https:\/\/sitetab3.ac-reims.fr\/ec-chateau-porcien\/-wp-\/wp-content\/uploads\/2025\/12\/Don-materiel-sportif-2025.jpg 842w, https:\/\/sitetab3.ac-reims.fr\/ec-chateau-porcien\/-wp-\/wp-content\/uploads\/2025\/12\/Don-materiel-sportif-2025-300x216.jpg 300w, https:\/\/sitetab3.ac-reims.fr\/ec-chateau-porcien\/-wp-\/wp-content\/uploads\/2025\/12\/Don-materiel-sportif-2025-768x554.jpg 768w\" sizes=\"(max-width: 842px) 100vw, 842px\" \/><\/figure><\/div>","protected":false},"excerpt":{"rendered":"<p>En raison de nos actions solidaires communes, notre \u00e9cole entretient depuis plusieurs ann\u00e9es des liens forts avec le Secours Populaire. Aujourd\u2019hui, c&rsquo;est l&rsquo;\u00e9cole qui a eu l&rsquo;honneur de recevoir un g\u00e9n\u00e9reux don: du mat\u00e9riel sportif destin\u00e9 aux \u00e9l\u00e8ves de la maternelle Un immense merci au Secours Populaire pour l\u2019attention port\u00e9e \u00e0 notre \u00e9cole et pour [&hellip;]<\/p>\n","protected":false},"author":1,"featured_media":0,"comment_status":"closed","ping_status":"open","sticky":false,"template":"","format":"standard","meta":{"ngg_post_thumbnail":0,"footnotes":""},"categories":[76],"tags":[],"_links":{"self":[{"href":"https:\/\/sitetab3.ac-reims.fr\/ec-chateau-porcien\/-wp-\/wp-json\/wp\/v2\/posts\/6980"}],"collection":[{"href":"https:\/\/sitetab3.ac-reims.fr\/ec-chateau-porcien\/-wp-\/wp-json\/wp\/v2\/posts"}],"about":[{"href":"https:\/\/sitetab3.ac-reims.fr\/ec-chateau-porcien\/-wp-\/wp-json\/wp\/v2\/types\/post"}],"author":[{"embeddable":true,"href":"https:\/\/sitetab3.ac-reims.fr\/ec-chateau-porcien\/-wp-\/wp-json\/wp\/v2\/users\/1"}],"replies":[{"embeddable":true,"href":"https:\/\/sitetab3.ac-reims.fr\/ec-chateau-porcien\/-wp-\/wp-json\/wp\/v2\/comments?post=6980"}],"version-history":[{"count":1,"href":"https:\/\/sitetab3.ac-reims.fr\/ec-chateau-porcien\/-wp-\/wp-json\/wp\/v2\/posts\/6980\/revisions"}],"predecessor-version":[{"id":6982,"href":"https:\/\/sitetab3.ac-reims.fr\/ec-chateau-porcien\/-wp-\/wp-json\/wp\/v2\/posts\/6980\/revisions\/6982"}],"wp:attachment":[{"href":"https:\/\/sitetab3.ac-reims.fr\/ec-chateau-porcien\/-wp-\/wp-json\/wp\/v2\/media?parent=6980"}],"wp:term":[{"taxonomy":"category","embeddable":true,"href":"https:\/\/sitetab3.ac-reims.fr\/ec-chateau-porcien\/-wp-\/wp-json\/wp\/v2\/categories?post=6980"},{"taxonomy":"post_tag","embeddable":true,"href":"https:\/\/sitetab3.ac-reims.fr\/ec-chateau-porcien\/-wp-\/wp-json\/wp\/v2\/tags?post=6980"}],"curies":[{"name":"wp","href":"https:\/\/api.w.org\/{rel}","templated":true}]}}