{"id":7074,"date":"2026-01-15T20:22:46","date_gmt":"2026-01-15T19:22:46","guid":{"rendered":"https:\/\/sitetab3.ac-reims.fr\/ec-chateau-porcien\/-wp-\/?p=7074"},"modified":"2026-01-15T20:23:18","modified_gmt":"2026-01-15T19:23:18","slug":"visite-de-monsieur-le-depute","status":"publish","type":"post","link":"https:\/\/sitetab3.ac-reims.fr\/ec-chateau-porcien\/-wp-\/visite-de-monsieur-le-depute\/","title":{"rendered":"Visite de Monsieur le D\u00e9put\u00e9"},"content":{"rendered":"<div class=\"wp-block-image\">\n<figure class=\"aligncenter size-full is-resized\"><img loading=\"lazy\" decoding=\"async\" width=\"1000\" height=\"750\" src=\"https:\/\/sitetab3.ac-reims.fr\/ec-chateau-porcien\/-wp-\/wp-content\/uploads\/2026\/01\/20260115_142516.jpg\" alt=\"\" class=\"wp-image-7076\" style=\"width:386px;height:auto\" srcset=\"https:\/\/sitetab3.ac-reims.fr\/ec-chateau-porcien\/-wp-\/wp-content\/uploads\/2026\/01\/20260115_142516.jpg 1000w, https:\/\/sitetab3.ac-reims.fr\/ec-chateau-porcien\/-wp-\/wp-content\/uploads\/2026\/01\/20260115_142516-300x225.jpg 300w, https:\/\/sitetab3.ac-reims.fr\/ec-chateau-porcien\/-wp-\/wp-content\/uploads\/2026\/01\/20260115_142516-768x576.jpg 768w\" sizes=\"(max-width: 1000px) 100vw, 1000px\" \/><\/figure><\/div>\n\n\n<p>Les CM2 ont eu l\u2019honneur de recevoir le d\u00e9put\u00e9 M. Lionel Vuibert pour lui pr\u00e9senter leur proposition de loi visant \u00e0 prot\u00e9ger les mineurs des dangers des r\u00e9seaux sociaux.<br>Monsieur le d\u00e9put\u00e9 s\u2019est dit tr\u00e8s impressionn\u00e9 par la qualit\u00e9 du travail des \u00e9l\u00e8ves, la pertinence de leurs questions et leur attitude exemplaire, \u00e0 la fois respectueuse et engag\u00e9e. Il parlera de leur proposition de loi le 26 janvier \u00e0 l\u2019Assembl\u00e9e nationale: notre \u00e9cole sera cit\u00e9e dans l\u2019h\u00e9micycle !<\/p>\n\n\n<div class=\"wp-block-image\">\n<figure class=\"aligncenter size-full is-resized\"><img loading=\"lazy\" decoding=\"async\" width=\"1000\" height=\"750\" src=\"https:\/\/sitetab3.ac-reims.fr\/ec-chateau-porcien\/-wp-\/wp-content\/uploads\/2026\/01\/20260115_142748.jpg\" alt=\"\" class=\"wp-image-7075\" style=\"width:403px;height:auto\" srcset=\"https:\/\/sitetab3.ac-reims.fr\/ec-chateau-porcien\/-wp-\/wp-content\/uploads\/2026\/01\/20260115_142748.jpg 1000w, https:\/\/sitetab3.ac-reims.fr\/ec-chateau-porcien\/-wp-\/wp-content\/uploads\/2026\/01\/20260115_142748-300x225.jpg 300w, https:\/\/sitetab3.ac-reims.fr\/ec-chateau-porcien\/-wp-\/wp-content\/uploads\/2026\/01\/20260115_142748-768x576.jpg 768w\" sizes=\"(max-width: 1000px) 100vw, 1000px\" \/><\/figure><\/div>","protected":false},"excerpt":{"rendered":"<p>Les CM2 ont eu l\u2019honneur de recevoir le d\u00e9put\u00e9 M. Lionel Vuibert pour lui pr\u00e9senter leur proposition de loi visant \u00e0 prot\u00e9ger les mineurs des dangers des r\u00e9seaux sociaux.Monsieur le d\u00e9put\u00e9 s\u2019est dit tr\u00e8s impressionn\u00e9 par la qualit\u00e9 du travail des \u00e9l\u00e8ves, la pertinence de leurs questions et leur attitude exemplaire, \u00e0 la fois respectueuse [&hellip;]<\/p>\n","protected":false},"author":1,"featured_media":0,"comment_status":"closed","ping_status":"open","sticky":false,"template":"","format":"standard","meta":{"ngg_post_thumbnail":0,"footnotes":""},"categories":[76],"tags":[],"_links":{"self":[{"href":"https:\/\/sitetab3.ac-reims.fr\/ec-chateau-porcien\/-wp-\/wp-json\/wp\/v2\/posts\/7074"}],"collection":[{"href":"https:\/\/sitetab3.ac-reims.fr\/ec-chateau-porcien\/-wp-\/wp-json\/wp\/v2\/posts"}],"about":[{"href":"https:\/\/sitetab3.ac-reims.fr\/ec-chateau-porcien\/-wp-\/wp-json\/wp\/v2\/types\/post"}],"author":[{"embeddable":true,"href":"https:\/\/sitetab3.ac-reims.fr\/ec-chateau-porcien\/-wp-\/wp-json\/wp\/v2\/users\/1"}],"replies":[{"embeddable":true,"href":"https:\/\/sitetab3.ac-reims.fr\/ec-chateau-porcien\/-wp-\/wp-json\/wp\/v2\/comments?post=7074"}],"version-history":[{"count":4,"href":"https:\/\/sitetab3.ac-reims.fr\/ec-chateau-porcien\/-wp-\/wp-json\/wp\/v2\/posts\/7074\/revisions"}],"predecessor-version":[{"id":7080,"href":"https:\/\/sitetab3.ac-reims.fr\/ec-chateau-porcien\/-wp-\/wp-json\/wp\/v2\/posts\/7074\/revisions\/7080"}],"wp:attachment":[{"href":"https:\/\/sitetab3.ac-reims.fr\/ec-chateau-porcien\/-wp-\/wp-json\/wp\/v2\/media?parent=7074"}],"wp:term":[{"taxonomy":"category","embeddable":true,"href":"https:\/\/sitetab3.ac-reims.fr\/ec-chateau-porcien\/-wp-\/wp-json\/wp\/v2\/categories?post=7074"},{"taxonomy":"post_tag","embeddable":true,"href":"https:\/\/sitetab3.ac-reims.fr\/ec-chateau-porcien\/-wp-\/wp-json\/wp\/v2\/tags?post=7074"}],"curies":[{"name":"wp","href":"https:\/\/api.w.org\/{rel}","templated":true}]}}