{"id":7081,"date":"2026-01-16T18:08:49","date_gmt":"2026-01-16T17:08:49","guid":{"rendered":"https:\/\/sitetab3.ac-reims.fr\/ec-chateau-porcien\/-wp-\/?p=7081"},"modified":"2026-01-16T18:08:49","modified_gmt":"2026-01-16T17:08:49","slug":"don-de-la-mairie-de-chateau-porcien","status":"publish","type":"post","link":"https:\/\/sitetab3.ac-reims.fr\/ec-chateau-porcien\/-wp-\/don-de-la-mairie-de-chateau-porcien\/","title":{"rendered":"Don de la mairie de Ch\u00e2teau-Porcien"},"content":{"rendered":"\n<p>L&rsquo;\u00e9quipe p\u00e9dagogique et tous les \u00e9l\u00e8ves remercient chaleureusement l&rsquo;\u00e9quipe municipale de Ch\u00e2teau-Porcien pour le g\u00e9n\u00e9reux don de 307,06 euros remis \u00e0 l&rsquo;\u00e9cole. Il sera fait bon usage de cette somme collect\u00e9e \u00e0 l&rsquo;occasion des ventes de gaufres de No\u00ebl, les projets scolaires ne manquent pas!<\/p>\n\n\n<div class=\"wp-block-image\">\n<figure class=\"aligncenter size-large is-resized\"><img loading=\"lazy\" decoding=\"async\" width=\"683\" height=\"1024\" src=\"https:\/\/sitetab3.ac-reims.fr\/ec-chateau-porcien\/-wp-\/wp-content\/uploads\/2026\/01\/Chalet-de-Noel-683x1024.jpeg\" alt=\"\" class=\"wp-image-7082\" style=\"width:314px;height:auto\" srcset=\"https:\/\/sitetab3.ac-reims.fr\/ec-chateau-porcien\/-wp-\/wp-content\/uploads\/2026\/01\/Chalet-de-Noel-683x1024.jpeg 683w, https:\/\/sitetab3.ac-reims.fr\/ec-chateau-porcien\/-wp-\/wp-content\/uploads\/2026\/01\/Chalet-de-Noel-200x300.jpeg 200w, https:\/\/sitetab3.ac-reims.fr\/ec-chateau-porcien\/-wp-\/wp-content\/uploads\/2026\/01\/Chalet-de-Noel-768x1152.jpeg 768w, https:\/\/sitetab3.ac-reims.fr\/ec-chateau-porcien\/-wp-\/wp-content\/uploads\/2026\/01\/Chalet-de-Noel.jpeg 800w\" sizes=\"(max-width: 683px) 100vw, 683px\" \/><\/figure><\/div>","protected":false},"excerpt":{"rendered":"<p>L&rsquo;\u00e9quipe p\u00e9dagogique et tous les \u00e9l\u00e8ves remercient chaleureusement l&rsquo;\u00e9quipe municipale de Ch\u00e2teau-Porcien pour le g\u00e9n\u00e9reux don de 307,06 euros remis \u00e0 l&rsquo;\u00e9cole. Il sera fait bon usage de cette somme collect\u00e9e \u00e0 l&rsquo;occasion des ventes de gaufres de No\u00ebl, les projets scolaires ne manquent pas!<\/p>\n","protected":false},"author":1,"featured_media":0,"comment_status":"closed","ping_status":"open","sticky":false,"template":"","format":"standard","meta":{"ngg_post_thumbnail":0,"footnotes":""},"categories":[76],"tags":[],"_links":{"self":[{"href":"https:\/\/sitetab3.ac-reims.fr\/ec-chateau-porcien\/-wp-\/wp-json\/wp\/v2\/posts\/7081"}],"collection":[{"href":"https:\/\/sitetab3.ac-reims.fr\/ec-chateau-porcien\/-wp-\/wp-json\/wp\/v2\/posts"}],"about":[{"href":"https:\/\/sitetab3.ac-reims.fr\/ec-chateau-porcien\/-wp-\/wp-json\/wp\/v2\/types\/post"}],"author":[{"embeddable":true,"href":"https:\/\/sitetab3.ac-reims.fr\/ec-chateau-porcien\/-wp-\/wp-json\/wp\/v2\/users\/1"}],"replies":[{"embeddable":true,"href":"https:\/\/sitetab3.ac-reims.fr\/ec-chateau-porcien\/-wp-\/wp-json\/wp\/v2\/comments?post=7081"}],"version-history":[{"count":1,"href":"https:\/\/sitetab3.ac-reims.fr\/ec-chateau-porcien\/-wp-\/wp-json\/wp\/v2\/posts\/7081\/revisions"}],"predecessor-version":[{"id":7083,"href":"https:\/\/sitetab3.ac-reims.fr\/ec-chateau-porcien\/-wp-\/wp-json\/wp\/v2\/posts\/7081\/revisions\/7083"}],"wp:attachment":[{"href":"https:\/\/sitetab3.ac-reims.fr\/ec-chateau-porcien\/-wp-\/wp-json\/wp\/v2\/media?parent=7081"}],"wp:term":[{"taxonomy":"category","embeddable":true,"href":"https:\/\/sitetab3.ac-reims.fr\/ec-chateau-porcien\/-wp-\/wp-json\/wp\/v2\/categories?post=7081"},{"taxonomy":"post_tag","embeddable":true,"href":"https:\/\/sitetab3.ac-reims.fr\/ec-chateau-porcien\/-wp-\/wp-json\/wp\/v2\/tags?post=7081"}],"curies":[{"name":"wp","href":"https:\/\/api.w.org\/{rel}","templated":true}]}}