{"id":7085,"date":"2026-01-19T11:17:58","date_gmt":"2026-01-19T10:17:58","guid":{"rendered":"https:\/\/sitetab3.ac-reims.fr\/ec-chateau-porcien\/-wp-\/?p=7085"},"modified":"2026-01-19T11:18:51","modified_gmt":"2026-01-19T10:18:51","slug":"cadeau-de-la-princesse-de-hanovre","status":"publish","type":"post","link":"https:\/\/sitetab3.ac-reims.fr\/ec-chateau-porcien\/-wp-\/cadeau-de-la-princesse-de-hanovre\/","title":{"rendered":"Cadeau de la Princesse de Hanovre"},"content":{"rendered":"<div class=\"wp-block-image\">\n<figure class=\"aligncenter size-full is-resized\"><img loading=\"lazy\" decoding=\"async\" width=\"1000\" height=\"750\" src=\"https:\/\/sitetab3.ac-reims.fr\/ec-chateau-porcien\/-wp-\/wp-content\/uploads\/2026\/01\/Cadeau-de-la-Princesse-de-Hanovre.jpg\" alt=\"\" class=\"wp-image-7086\" style=\"width:417px;height:auto\" srcset=\"https:\/\/sitetab3.ac-reims.fr\/ec-chateau-porcien\/-wp-\/wp-content\/uploads\/2026\/01\/Cadeau-de-la-Princesse-de-Hanovre.jpg 1000w, https:\/\/sitetab3.ac-reims.fr\/ec-chateau-porcien\/-wp-\/wp-content\/uploads\/2026\/01\/Cadeau-de-la-Princesse-de-Hanovre-300x225.jpg 300w, https:\/\/sitetab3.ac-reims.fr\/ec-chateau-porcien\/-wp-\/wp-content\/uploads\/2026\/01\/Cadeau-de-la-Princesse-de-Hanovre-768x576.jpg 768w\" sizes=\"(max-width: 1000px) 100vw, 1000px\" \/><\/figure><\/div>\n\n\n<p>Quelle surprise aujourd\u2019hui! Un colis est arriv\u00e9 pour Lou et ses camarades pr\u00e9sents le 15 d\u00e9cembre pour accueillir le Prince de Monaco et sa s\u0153ur la Princesse de Hanovre lors de leur visite \u00e0 Ch\u00e2teau-Porcien. Ils ont chacun re\u00e7u une bande dessin\u00e9e retra\u00e7ant l\u2019histoire de Monaco. Et Lou pourra conserver pr\u00e9cieusement le courrier que lui a adress\u00e9 la Princesse en r\u00e9ponse \u00e0 sa lettre.<\/p>\n","protected":false},"excerpt":{"rendered":"<p>Quelle surprise aujourd\u2019hui! Un colis est arriv\u00e9 pour Lou et ses camarades pr\u00e9sents le 15 d\u00e9cembre pour accueillir le Prince de Monaco et sa s\u0153ur la Princesse de Hanovre lors de leur visite \u00e0 Ch\u00e2teau-Porcien. Ils ont chacun re\u00e7u une bande dessin\u00e9e retra\u00e7ant l\u2019histoire de Monaco. Et Lou pourra conserver pr\u00e9cieusement le courrier que lui [&hellip;]<\/p>\n","protected":false},"author":1,"featured_media":0,"comment_status":"closed","ping_status":"open","sticky":false,"template":"","format":"standard","meta":{"ngg_post_thumbnail":0,"footnotes":""},"categories":[76],"tags":[],"_links":{"self":[{"href":"https:\/\/sitetab3.ac-reims.fr\/ec-chateau-porcien\/-wp-\/wp-json\/wp\/v2\/posts\/7085"}],"collection":[{"href":"https:\/\/sitetab3.ac-reims.fr\/ec-chateau-porcien\/-wp-\/wp-json\/wp\/v2\/posts"}],"about":[{"href":"https:\/\/sitetab3.ac-reims.fr\/ec-chateau-porcien\/-wp-\/wp-json\/wp\/v2\/types\/post"}],"author":[{"embeddable":true,"href":"https:\/\/sitetab3.ac-reims.fr\/ec-chateau-porcien\/-wp-\/wp-json\/wp\/v2\/users\/1"}],"replies":[{"embeddable":true,"href":"https:\/\/sitetab3.ac-reims.fr\/ec-chateau-porcien\/-wp-\/wp-json\/wp\/v2\/comments?post=7085"}],"version-history":[{"count":2,"href":"https:\/\/sitetab3.ac-reims.fr\/ec-chateau-porcien\/-wp-\/wp-json\/wp\/v2\/posts\/7085\/revisions"}],"predecessor-version":[{"id":7088,"href":"https:\/\/sitetab3.ac-reims.fr\/ec-chateau-porcien\/-wp-\/wp-json\/wp\/v2\/posts\/7085\/revisions\/7088"}],"wp:attachment":[{"href":"https:\/\/sitetab3.ac-reims.fr\/ec-chateau-porcien\/-wp-\/wp-json\/wp\/v2\/media?parent=7085"}],"wp:term":[{"taxonomy":"category","embeddable":true,"href":"https:\/\/sitetab3.ac-reims.fr\/ec-chateau-porcien\/-wp-\/wp-json\/wp\/v2\/categories?post=7085"},{"taxonomy":"post_tag","embeddable":true,"href":"https:\/\/sitetab3.ac-reims.fr\/ec-chateau-porcien\/-wp-\/wp-json\/wp\/v2\/tags?post=7085"}],"curies":[{"name":"wp","href":"https:\/\/api.w.org\/{rel}","templated":true}]}}