{"id":7089,"date":"2026-01-26T18:32:52","date_gmt":"2026-01-26T17:32:52","guid":{"rendered":"https:\/\/sitetab3.ac-reims.fr\/ec-chateau-porcien\/-wp-\/?p=7089"},"modified":"2026-01-28T17:43:23","modified_gmt":"2026-01-28T16:43:23","slug":"devoir-de-memoire-en-cm2","status":"publish","type":"post","link":"https:\/\/sitetab3.ac-reims.fr\/ec-chateau-porcien\/-wp-\/devoir-de-memoire-en-cm2\/","title":{"rendered":"Devoir de m\u00e9moire en CM2"},"content":{"rendered":"\n<p>Les \u00e9l\u00e8ves de CM2 ont accueilli les membres de l&rsquo;association des Anciens Combattants accompagn\u00e9s du porte-drapeau de la section et d&rsquo; intervenants m\u00e9daill\u00e9s militaires de Rethel et de l\u2019Union Nationale des Combattants. Cette rencontre s\u2019inscrit dans le travail men\u00e9 \u00e0 l\u2019\u00e9cole autour du devoir de m\u00e9moire.<\/p>\n\n\n\n<p>Messieurs Finard, Broyer, Sablin et Berthe ainsi que Madame Finard ont expliqu\u00e9 aux CM2 ce que furent les conflits et les sacrifices consentis par les soldats. Les nombreuses questions des \u00e9l\u00e8ves t\u00e9moignent de leur int\u00e9r\u00eat  et de leur envie d\u2019en apprendre davantage sur les conflits qui ont marqu\u00e9 notre territoire.<\/p>\n\n\n\n<p>Merci \u00e0 nos invit\u00e9s pour le temps qu\u2019ils ont consacr\u00e9 aux CM2 et pour les messages qu\u2019ils ont su leur transmettre.<\/p>\n\n\n<div class=\"wp-block-image\">\n<figure class=\"aligncenter size-full is-resized\"><img loading=\"lazy\" decoding=\"async\" width=\"1000\" height=\"750\" src=\"https:\/\/sitetab3.ac-reims.fr\/ec-chateau-porcien\/-wp-\/wp-content\/uploads\/2026\/01\/20260126_090941.jpg\" alt=\"\" class=\"wp-image-7090\" style=\"width:378px;height:auto\" srcset=\"https:\/\/sitetab3.ac-reims.fr\/ec-chateau-porcien\/-wp-\/wp-content\/uploads\/2026\/01\/20260126_090941.jpg 1000w, https:\/\/sitetab3.ac-reims.fr\/ec-chateau-porcien\/-wp-\/wp-content\/uploads\/2026\/01\/20260126_090941-300x225.jpg 300w, https:\/\/sitetab3.ac-reims.fr\/ec-chateau-porcien\/-wp-\/wp-content\/uploads\/2026\/01\/20260126_090941-768x576.jpg 768w\" sizes=\"(max-width: 1000px) 100vw, 1000px\" \/><\/figure><\/div>","protected":false},"excerpt":{"rendered":"<p>Les \u00e9l\u00e8ves de CM2 ont accueilli les membres de l&rsquo;association des Anciens Combattants accompagn\u00e9s du porte-drapeau de la section et d&rsquo; intervenants m\u00e9daill\u00e9s militaires de Rethel et de l\u2019Union Nationale des Combattants. Cette rencontre s\u2019inscrit dans le travail men\u00e9 \u00e0 l\u2019\u00e9cole autour du devoir de m\u00e9moire. Messieurs Finard, Broyer, Sablin et Berthe ainsi que Madame [&hellip;]<\/p>\n","protected":false},"author":1,"featured_media":0,"comment_status":"closed","ping_status":"open","sticky":false,"template":"","format":"standard","meta":{"ngg_post_thumbnail":0,"footnotes":""},"categories":[76],"tags":[],"_links":{"self":[{"href":"https:\/\/sitetab3.ac-reims.fr\/ec-chateau-porcien\/-wp-\/wp-json\/wp\/v2\/posts\/7089"}],"collection":[{"href":"https:\/\/sitetab3.ac-reims.fr\/ec-chateau-porcien\/-wp-\/wp-json\/wp\/v2\/posts"}],"about":[{"href":"https:\/\/sitetab3.ac-reims.fr\/ec-chateau-porcien\/-wp-\/wp-json\/wp\/v2\/types\/post"}],"author":[{"embeddable":true,"href":"https:\/\/sitetab3.ac-reims.fr\/ec-chateau-porcien\/-wp-\/wp-json\/wp\/v2\/users\/1"}],"replies":[{"embeddable":true,"href":"https:\/\/sitetab3.ac-reims.fr\/ec-chateau-porcien\/-wp-\/wp-json\/wp\/v2\/comments?post=7089"}],"version-history":[{"count":3,"href":"https:\/\/sitetab3.ac-reims.fr\/ec-chateau-porcien\/-wp-\/wp-json\/wp\/v2\/posts\/7089\/revisions"}],"predecessor-version":[{"id":7095,"href":"https:\/\/sitetab3.ac-reims.fr\/ec-chateau-porcien\/-wp-\/wp-json\/wp\/v2\/posts\/7089\/revisions\/7095"}],"wp:attachment":[{"href":"https:\/\/sitetab3.ac-reims.fr\/ec-chateau-porcien\/-wp-\/wp-json\/wp\/v2\/media?parent=7089"}],"wp:term":[{"taxonomy":"category","embeddable":true,"href":"https:\/\/sitetab3.ac-reims.fr\/ec-chateau-porcien\/-wp-\/wp-json\/wp\/v2\/categories?post=7089"},{"taxonomy":"post_tag","embeddable":true,"href":"https:\/\/sitetab3.ac-reims.fr\/ec-chateau-porcien\/-wp-\/wp-json\/wp\/v2\/tags?post=7089"}],"curies":[{"name":"wp","href":"https:\/\/api.w.org\/{rel}","templated":true}]}}