{"id":7099,"date":"2026-02-01T20:25:57","date_gmt":"2026-02-01T19:25:57","guid":{"rendered":"https:\/\/sitetab3.ac-reims.fr\/ec-chateau-porcien\/-wp-\/?p=7099"},"modified":"2026-02-01T20:25:57","modified_gmt":"2026-02-01T19:25:57","slug":"on-parle-de-notre-ecole-dans-lhemicycle","status":"publish","type":"post","link":"https:\/\/sitetab3.ac-reims.fr\/ec-chateau-porcien\/-wp-\/on-parle-de-notre-ecole-dans-lhemicycle\/","title":{"rendered":"On parle de notre \u00e9cole dans l&rsquo;h\u00e9micycle"},"content":{"rendered":"\n<p>Les CM2 participent cette ann\u00e9e au \u00ab\u00a0Parlement des enfants\u00a0\u00bb. Ils ont r\u00e9dig\u00e9 une proposition de loi visant \u00e0 prot\u00e9ger les mineurs des usages addictifs des r\u00e9seaux sociaux tout en profitant d\u2019Internet de mani\u00e8re raisonnable et s\u00e9curis\u00e9e. Le d\u00e9put\u00e9 Lionel Vuibert, apr\u00e8s avoir rencontr\u00e9 les \u00e9l\u00e8ves, a port\u00e9 leur voix dans l&rsquo;h\u00e9micycle ! (voir \u00e0 1:50)<\/p>\n\n\n\n<p><\/p>\n\n\n\n<figure class=\"wp-block-video\"><video controls src=\"https:\/\/sitetab3.ac-reims.fr\/ec-chateau-porcien\/-wp-\/wp-content\/uploads\/2026\/02\/Projet-de-loi-des-CM2-26-janvier-2026.mp4\"><\/video><\/figure>\n","protected":false},"excerpt":{"rendered":"<p>Les CM2 participent cette ann\u00e9e au \u00ab\u00a0Parlement des enfants\u00a0\u00bb. Ils ont r\u00e9dig\u00e9 une proposition de loi visant \u00e0 prot\u00e9ger les mineurs des usages addictifs des r\u00e9seaux sociaux tout en profitant d\u2019Internet de mani\u00e8re raisonnable et s\u00e9curis\u00e9e. Le d\u00e9put\u00e9 Lionel Vuibert, apr\u00e8s avoir rencontr\u00e9 les \u00e9l\u00e8ves, a port\u00e9 leur voix dans l&rsquo;h\u00e9micycle ! (voir \u00e0 1:50)<\/p>\n","protected":false},"author":1,"featured_media":0,"comment_status":"closed","ping_status":"open","sticky":false,"template":"","format":"standard","meta":{"ngg_post_thumbnail":0,"footnotes":""},"categories":[76],"tags":[],"_links":{"self":[{"href":"https:\/\/sitetab3.ac-reims.fr\/ec-chateau-porcien\/-wp-\/wp-json\/wp\/v2\/posts\/7099"}],"collection":[{"href":"https:\/\/sitetab3.ac-reims.fr\/ec-chateau-porcien\/-wp-\/wp-json\/wp\/v2\/posts"}],"about":[{"href":"https:\/\/sitetab3.ac-reims.fr\/ec-chateau-porcien\/-wp-\/wp-json\/wp\/v2\/types\/post"}],"author":[{"embeddable":true,"href":"https:\/\/sitetab3.ac-reims.fr\/ec-chateau-porcien\/-wp-\/wp-json\/wp\/v2\/users\/1"}],"replies":[{"embeddable":true,"href":"https:\/\/sitetab3.ac-reims.fr\/ec-chateau-porcien\/-wp-\/wp-json\/wp\/v2\/comments?post=7099"}],"version-history":[{"count":1,"href":"https:\/\/sitetab3.ac-reims.fr\/ec-chateau-porcien\/-wp-\/wp-json\/wp\/v2\/posts\/7099\/revisions"}],"predecessor-version":[{"id":7102,"href":"https:\/\/sitetab3.ac-reims.fr\/ec-chateau-porcien\/-wp-\/wp-json\/wp\/v2\/posts\/7099\/revisions\/7102"}],"wp:attachment":[{"href":"https:\/\/sitetab3.ac-reims.fr\/ec-chateau-porcien\/-wp-\/wp-json\/wp\/v2\/media?parent=7099"}],"wp:term":[{"taxonomy":"category","embeddable":true,"href":"https:\/\/sitetab3.ac-reims.fr\/ec-chateau-porcien\/-wp-\/wp-json\/wp\/v2\/categories?post=7099"},{"taxonomy":"post_tag","embeddable":true,"href":"https:\/\/sitetab3.ac-reims.fr\/ec-chateau-porcien\/-wp-\/wp-json\/wp\/v2\/tags?post=7099"}],"curies":[{"name":"wp","href":"https:\/\/api.w.org\/{rel}","templated":true}]}}