{"id":7111,"date":"2026-02-06T18:10:20","date_gmt":"2026-02-06T17:10:20","guid":{"rendered":"https:\/\/sitetab3.ac-reims.fr\/ec-chateau-porcien\/-wp-\/?p=7111"},"modified":"2026-02-06T18:10:20","modified_gmt":"2026-02-06T17:10:20","slug":"visite-de-la-mppf","status":"publish","type":"post","link":"https:\/\/sitetab3.ac-reims.fr\/ec-chateau-porcien\/-wp-\/visite-de-la-mppf\/","title":{"rendered":"Visite de la MPPF"},"content":{"rendered":"\n<p>Les CE1, CE1-CE2, CM1 et CM2 ont accueilli deux gendarmes de la Maison de Pr\u00e9vention et de Protection des Familles. Cette intervention avait pour objectif de sensibiliser les enfants aux actes malveillants qui peuvent exister sur les r\u00e9seaux sociaux. Les \u00e9l\u00e8ves ont compris leur vuln\u00e9rabilit\u00e9 et se sont montr\u00e9s tr\u00e8s concern\u00e9s par la n\u00e9cessit\u00e9 de se prot\u00e9ger de ces risques.<\/p>\n\n\n<div class=\"wp-block-image\">\n<figure class=\"aligncenter size-full is-resized\"><img loading=\"lazy\" decoding=\"async\" width=\"1000\" height=\"750\" src=\"https:\/\/sitetab3.ac-reims.fr\/ec-chateau-porcien\/-wp-\/wp-content\/uploads\/2026\/02\/20260206_102744.jpg\" alt=\"\" class=\"wp-image-7112\" style=\"width:364px;height:auto\" srcset=\"https:\/\/sitetab3.ac-reims.fr\/ec-chateau-porcien\/-wp-\/wp-content\/uploads\/2026\/02\/20260206_102744.jpg 1000w, https:\/\/sitetab3.ac-reims.fr\/ec-chateau-porcien\/-wp-\/wp-content\/uploads\/2026\/02\/20260206_102744-300x225.jpg 300w, https:\/\/sitetab3.ac-reims.fr\/ec-chateau-porcien\/-wp-\/wp-content\/uploads\/2026\/02\/20260206_102744-768x576.jpg 768w\" sizes=\"(max-width: 1000px) 100vw, 1000px\" \/><\/figure><\/div>","protected":false},"excerpt":{"rendered":"<p>Les CE1, CE1-CE2, CM1 et CM2 ont accueilli deux gendarmes de la Maison de Pr\u00e9vention et de Protection des Familles. Cette intervention avait pour objectif de sensibiliser les enfants aux actes malveillants qui peuvent exister sur les r\u00e9seaux sociaux. Les \u00e9l\u00e8ves ont compris leur vuln\u00e9rabilit\u00e9 et se sont montr\u00e9s tr\u00e8s concern\u00e9s par la n\u00e9cessit\u00e9 de [&hellip;]<\/p>\n","protected":false},"author":1,"featured_media":0,"comment_status":"closed","ping_status":"open","sticky":false,"template":"","format":"standard","meta":{"ngg_post_thumbnail":0,"footnotes":""},"categories":[76],"tags":[],"_links":{"self":[{"href":"https:\/\/sitetab3.ac-reims.fr\/ec-chateau-porcien\/-wp-\/wp-json\/wp\/v2\/posts\/7111"}],"collection":[{"href":"https:\/\/sitetab3.ac-reims.fr\/ec-chateau-porcien\/-wp-\/wp-json\/wp\/v2\/posts"}],"about":[{"href":"https:\/\/sitetab3.ac-reims.fr\/ec-chateau-porcien\/-wp-\/wp-json\/wp\/v2\/types\/post"}],"author":[{"embeddable":true,"href":"https:\/\/sitetab3.ac-reims.fr\/ec-chateau-porcien\/-wp-\/wp-json\/wp\/v2\/users\/1"}],"replies":[{"embeddable":true,"href":"https:\/\/sitetab3.ac-reims.fr\/ec-chateau-porcien\/-wp-\/wp-json\/wp\/v2\/comments?post=7111"}],"version-history":[{"count":1,"href":"https:\/\/sitetab3.ac-reims.fr\/ec-chateau-porcien\/-wp-\/wp-json\/wp\/v2\/posts\/7111\/revisions"}],"predecessor-version":[{"id":7113,"href":"https:\/\/sitetab3.ac-reims.fr\/ec-chateau-porcien\/-wp-\/wp-json\/wp\/v2\/posts\/7111\/revisions\/7113"}],"wp:attachment":[{"href":"https:\/\/sitetab3.ac-reims.fr\/ec-chateau-porcien\/-wp-\/wp-json\/wp\/v2\/media?parent=7111"}],"wp:term":[{"taxonomy":"category","embeddable":true,"href":"https:\/\/sitetab3.ac-reims.fr\/ec-chateau-porcien\/-wp-\/wp-json\/wp\/v2\/categories?post=7111"},{"taxonomy":"post_tag","embeddable":true,"href":"https:\/\/sitetab3.ac-reims.fr\/ec-chateau-porcien\/-wp-\/wp-json\/wp\/v2\/tags?post=7111"}],"curies":[{"name":"wp","href":"https:\/\/api.w.org\/{rel}","templated":true}]}}