{"id":7129,"date":"2026-03-04T08:26:05","date_gmt":"2026-03-04T07:26:05","guid":{"rendered":"https:\/\/sitetab3.ac-reims.fr\/ec-chateau-porcien\/-wp-\/?p=7129"},"modified":"2026-03-04T08:27:33","modified_gmt":"2026-03-04T07:27:33","slug":"photo-de-classe-1926-2026","status":"publish","type":"post","link":"https:\/\/sitetab3.ac-reims.fr\/ec-chateau-porcien\/-wp-\/photo-de-classe-1926-2026\/","title":{"rendered":"Photo de classe 1926\/2026"},"content":{"rendered":"\n<p>Pour c\u00e9l\u00e9brer le centenaire de notre \u00e9cole, la photo de classe pr\u00e9vue le <strong>lundi 23 mars<\/strong> aura un caract\u00e8re tout particulier : nous souhaitons lui donner un petit esprit r\u00e9tro en clin d\u2019\u0153il \u00e0 l&rsquo;ann\u00e9e 1926.<br>Afin de recr\u00e9er cette ambiance, nous invitons les enfants \u00e0 porter une tenue simple rappelant le style des ann\u00e9es 1920\/1930. L\u2019id\u00e9e n\u2019est pas d\u2019acheter, mais plut\u00f4t de chercher quelques accessoires dans les placards, chez les grands-parents, dans la famille ou autour de soi.<br>&#8211; Pour les gar\u00e7ons : un pantalon fonc\u00e9 (ou bermuda) avec une chemise, accompagn\u00e9s \u00e9ventuellement de bretelles, d&rsquo;un pull sans manches ou d&rsquo;un petit b\u00e9ret.<br>&#8211; Pour les filles : une jupe avec un chemisier ou une robe.<br>Un petit accessoire pourra suffire \u00e0 cr\u00e9er l\u2019effet recherch\u00e9 : b\u00e9ret, bretelles, col Claudine, ruban dans les cheveux, chaussettes hautes pour les gar\u00e7ons, chaussettes basses pour le filles\u2026<br>Merci \u00e0 tous pour votre participation qui permettra de rendre exceptionnelle la photo scolaire 2026.<\/p>\n\n\n<div class=\"wp-block-image\">\n<figure class=\"aligncenter size-large is-resized\"><img loading=\"lazy\" decoding=\"async\" width=\"724\" height=\"1024\" src=\"https:\/\/sitetab3.ac-reims.fr\/ec-chateau-porcien\/-wp-\/wp-content\/uploads\/2026\/03\/Photo-de-classe-2026-724x1024.jpg\" alt=\"\" class=\"wp-image-7130\" style=\"width:409px;height:auto\" srcset=\"https:\/\/sitetab3.ac-reims.fr\/ec-chateau-porcien\/-wp-\/wp-content\/uploads\/2026\/03\/Photo-de-classe-2026-724x1024.jpg 724w, https:\/\/sitetab3.ac-reims.fr\/ec-chateau-porcien\/-wp-\/wp-content\/uploads\/2026\/03\/Photo-de-classe-2026-212x300.jpg 212w, https:\/\/sitetab3.ac-reims.fr\/ec-chateau-porcien\/-wp-\/wp-content\/uploads\/2026\/03\/Photo-de-classe-2026-768x1086.jpg 768w, https:\/\/sitetab3.ac-reims.fr\/ec-chateau-porcien\/-wp-\/wp-content\/uploads\/2026\/03\/Photo-de-classe-2026-1086x1536.jpg 1086w, https:\/\/sitetab3.ac-reims.fr\/ec-chateau-porcien\/-wp-\/wp-content\/uploads\/2026\/03\/Photo-de-classe-2026.jpg 1414w\" sizes=\"(max-width: 724px) 100vw, 724px\" \/><\/figure><\/div>","protected":false},"excerpt":{"rendered":"<p>Pour c\u00e9l\u00e9brer le centenaire de notre \u00e9cole, la photo de classe pr\u00e9vue le lundi 23 mars aura un caract\u00e8re tout particulier : nous souhaitons lui donner un petit esprit r\u00e9tro en clin d\u2019\u0153il \u00e0 l&rsquo;ann\u00e9e 1926.Afin de recr\u00e9er cette ambiance, nous invitons les enfants \u00e0 porter une tenue simple rappelant le style des ann\u00e9es 1920\/1930. [&hellip;]<\/p>\n","protected":false},"author":1,"featured_media":0,"comment_status":"closed","ping_status":"open","sticky":false,"template":"","format":"standard","meta":{"ngg_post_thumbnail":0,"footnotes":""},"categories":[80],"tags":[],"_links":{"self":[{"href":"https:\/\/sitetab3.ac-reims.fr\/ec-chateau-porcien\/-wp-\/wp-json\/wp\/v2\/posts\/7129"}],"collection":[{"href":"https:\/\/sitetab3.ac-reims.fr\/ec-chateau-porcien\/-wp-\/wp-json\/wp\/v2\/posts"}],"about":[{"href":"https:\/\/sitetab3.ac-reims.fr\/ec-chateau-porcien\/-wp-\/wp-json\/wp\/v2\/types\/post"}],"author":[{"embeddable":true,"href":"https:\/\/sitetab3.ac-reims.fr\/ec-chateau-porcien\/-wp-\/wp-json\/wp\/v2\/users\/1"}],"replies":[{"embeddable":true,"href":"https:\/\/sitetab3.ac-reims.fr\/ec-chateau-porcien\/-wp-\/wp-json\/wp\/v2\/comments?post=7129"}],"version-history":[{"count":2,"href":"https:\/\/sitetab3.ac-reims.fr\/ec-chateau-porcien\/-wp-\/wp-json\/wp\/v2\/posts\/7129\/revisions"}],"predecessor-version":[{"id":7132,"href":"https:\/\/sitetab3.ac-reims.fr\/ec-chateau-porcien\/-wp-\/wp-json\/wp\/v2\/posts\/7129\/revisions\/7132"}],"wp:attachment":[{"href":"https:\/\/sitetab3.ac-reims.fr\/ec-chateau-porcien\/-wp-\/wp-json\/wp\/v2\/media?parent=7129"}],"wp:term":[{"taxonomy":"category","embeddable":true,"href":"https:\/\/sitetab3.ac-reims.fr\/ec-chateau-porcien\/-wp-\/wp-json\/wp\/v2\/categories?post=7129"},{"taxonomy":"post_tag","embeddable":true,"href":"https:\/\/sitetab3.ac-reims.fr\/ec-chateau-porcien\/-wp-\/wp-json\/wp\/v2\/tags?post=7129"}],"curies":[{"name":"wp","href":"https:\/\/api.w.org\/{rel}","templated":true}]}}