{"id":7138,"date":"2026-03-13T17:50:22","date_gmt":"2026-03-13T16:50:22","guid":{"rendered":"https:\/\/sitetab3.ac-reims.fr\/ec-chateau-porcien\/-wp-\/?p=7138"},"modified":"2026-03-13T17:50:22","modified_gmt":"2026-03-13T16:50:22","slug":"les-cm2-selectionnes-pour-la-finale-nationale-du-parlement-des-enfants","status":"publish","type":"post","link":"https:\/\/sitetab3.ac-reims.fr\/ec-chateau-porcien\/-wp-\/les-cm2-selectionnes-pour-la-finale-nationale-du-parlement-des-enfants\/","title":{"rendered":"Les CM2 s\u00e9lectionn\u00e9s pour la finale nationale du Parlement des enfants"},"content":{"rendered":"\n<p>La classe de CM2 a r\u00e9dig\u00e9 un projet de loi pour le \u00ab Parlement des enfants \u00bb. Le th\u00e8me est tr\u00e8s actuel : \u00ab\u00a0la protection des mineurs face aux dangers et aux usages addictifs des r\u00e9seaux sociaux\u00a0\u00bb. Leur proposition de loi pr\u00e9voit notamment de r\u00e9duire certaines fonctionnalit\u00e9s addictives, d\u2019instaurer une confidentialit\u00e9 par d\u00e9faut pour les comptes de mineurs et de pr\u00e9voir des sanctions en cas de non-respect des r\u00e8gles.<\/p>\n\n\n<div class=\"wp-block-image\">\n<figure class=\"aligncenter size-full\"><img loading=\"lazy\" decoding=\"async\" width=\"150\" height=\"150\" src=\"http:\/\/sitetab3.ac-reims.fr\/ec-chateau-porcien\/-wp-\/wp-content\/uploads\/2026\/03\/logo_PDE_274933_42.jpg\" alt=\"\" class=\"wp-image-7139\"\/><\/figure><\/div>\n\n\n<p><strong>Leur proposition de loi a \u00e9t\u00e9 s\u00e9lectionn\u00e9e au niveau acad\u00e9mique<\/strong>. <strong>Ce sont donc les CM2 de Ch\u00e2teau-Porcien qui repr\u00e9senteront l\u2019acad\u00e9mie de Reims lors de la s\u00e9lection nationale<\/strong>. Bravo aux enfants et bonne chance pour la finale nationale!<\/p>\n\n\n\n<p><\/p>\n","protected":false},"excerpt":{"rendered":"<p>La classe de CM2 a r\u00e9dig\u00e9 un projet de loi pour le \u00ab Parlement des enfants \u00bb. Le th\u00e8me est tr\u00e8s actuel : \u00ab\u00a0la protection des mineurs face aux dangers et aux usages addictifs des r\u00e9seaux sociaux\u00a0\u00bb. Leur proposition de loi pr\u00e9voit notamment de r\u00e9duire certaines fonctionnalit\u00e9s addictives, d\u2019instaurer une confidentialit\u00e9 par d\u00e9faut pour les [&hellip;]<\/p>\n","protected":false},"author":1,"featured_media":0,"comment_status":"closed","ping_status":"open","sticky":false,"template":"","format":"standard","meta":{"ngg_post_thumbnail":0,"footnotes":""},"categories":[23],"tags":[],"_links":{"self":[{"href":"https:\/\/sitetab3.ac-reims.fr\/ec-chateau-porcien\/-wp-\/wp-json\/wp\/v2\/posts\/7138"}],"collection":[{"href":"https:\/\/sitetab3.ac-reims.fr\/ec-chateau-porcien\/-wp-\/wp-json\/wp\/v2\/posts"}],"about":[{"href":"https:\/\/sitetab3.ac-reims.fr\/ec-chateau-porcien\/-wp-\/wp-json\/wp\/v2\/types\/post"}],"author":[{"embeddable":true,"href":"https:\/\/sitetab3.ac-reims.fr\/ec-chateau-porcien\/-wp-\/wp-json\/wp\/v2\/users\/1"}],"replies":[{"embeddable":true,"href":"https:\/\/sitetab3.ac-reims.fr\/ec-chateau-porcien\/-wp-\/wp-json\/wp\/v2\/comments?post=7138"}],"version-history":[{"count":1,"href":"https:\/\/sitetab3.ac-reims.fr\/ec-chateau-porcien\/-wp-\/wp-json\/wp\/v2\/posts\/7138\/revisions"}],"predecessor-version":[{"id":7140,"href":"https:\/\/sitetab3.ac-reims.fr\/ec-chateau-porcien\/-wp-\/wp-json\/wp\/v2\/posts\/7138\/revisions\/7140"}],"wp:attachment":[{"href":"https:\/\/sitetab3.ac-reims.fr\/ec-chateau-porcien\/-wp-\/wp-json\/wp\/v2\/media?parent=7138"}],"wp:term":[{"taxonomy":"category","embeddable":true,"href":"https:\/\/sitetab3.ac-reims.fr\/ec-chateau-porcien\/-wp-\/wp-json\/wp\/v2\/categories?post=7138"},{"taxonomy":"post_tag","embeddable":true,"href":"https:\/\/sitetab3.ac-reims.fr\/ec-chateau-porcien\/-wp-\/wp-json\/wp\/v2\/tags?post=7138"}],"curies":[{"name":"wp","href":"https:\/\/api.w.org\/{rel}","templated":true}]}}