{"id":7159,"date":"2026-04-04T21:18:42","date_gmt":"2026-04-04T19:18:42","guid":{"rendered":"https:\/\/sitetab3.ac-reims.fr\/ec-chateau-porcien\/-wp-\/?p=7159"},"modified":"2026-04-04T21:18:42","modified_gmt":"2026-04-04T19:18:42","slug":"fete-deguisee-2","status":"publish","type":"post","link":"https:\/\/sitetab3.ac-reims.fr\/ec-chateau-porcien\/-wp-\/fete-deguisee-2\/","title":{"rendered":"F\u00eate d\u00e9guis\u00e9e"},"content":{"rendered":"<div class=\"wp-block-image\">\n<figure class=\"aligncenter size-full is-resized\"><img loading=\"lazy\" decoding=\"async\" width=\"961\" height=\"617\" src=\"https:\/\/sitetab3.ac-reims.fr\/ec-chateau-porcien\/-wp-\/wp-content\/uploads\/2026\/04\/20260403_114018.jpg\" alt=\"\" class=\"wp-image-7160\" style=\"width:460px;height:auto\" srcset=\"https:\/\/sitetab3.ac-reims.fr\/ec-chateau-porcien\/-wp-\/wp-content\/uploads\/2026\/04\/20260403_114018.jpg 961w, https:\/\/sitetab3.ac-reims.fr\/ec-chateau-porcien\/-wp-\/wp-content\/uploads\/2026\/04\/20260403_114018-300x193.jpg 300w, https:\/\/sitetab3.ac-reims.fr\/ec-chateau-porcien\/-wp-\/wp-content\/uploads\/2026\/04\/20260403_114018-768x493.jpg 768w\" sizes=\"(max-width: 961px) 100vw, 961px\" \/><\/figure><\/div>\n\n\n<p class=\"has-text-align-center\">En ce mois d&rsquo;avril, \u00e0 l\u2019\u00e9cole Jean Dion,<br>Les enfants, joyeux lurons,<br>Ont joyeusement d\u00e9fil\u00e9<br>Dans leurs costumes color\u00e9s.<br>Baguettes et tambours<br>ont fait vibrer la cour.<br>Quelle belle f\u00eate!<br>Au rythme des chants et des clochettes.<\/p>\n","protected":false},"excerpt":{"rendered":"<p>En ce mois d&rsquo;avril, \u00e0 l\u2019\u00e9cole Jean Dion,Les enfants, joyeux lurons,Ont joyeusement d\u00e9fil\u00e9Dans leurs costumes color\u00e9s.Baguettes et tamboursont fait vibrer la cour.Quelle belle f\u00eate!Au rythme des chants et des clochettes.<\/p>\n","protected":false},"author":1,"featured_media":0,"comment_status":"closed","ping_status":"open","sticky":false,"template":"","format":"standard","meta":{"ngg_post_thumbnail":0,"footnotes":""},"categories":[28],"tags":[],"_links":{"self":[{"href":"https:\/\/sitetab3.ac-reims.fr\/ec-chateau-porcien\/-wp-\/wp-json\/wp\/v2\/posts\/7159"}],"collection":[{"href":"https:\/\/sitetab3.ac-reims.fr\/ec-chateau-porcien\/-wp-\/wp-json\/wp\/v2\/posts"}],"about":[{"href":"https:\/\/sitetab3.ac-reims.fr\/ec-chateau-porcien\/-wp-\/wp-json\/wp\/v2\/types\/post"}],"author":[{"embeddable":true,"href":"https:\/\/sitetab3.ac-reims.fr\/ec-chateau-porcien\/-wp-\/wp-json\/wp\/v2\/users\/1"}],"replies":[{"embeddable":true,"href":"https:\/\/sitetab3.ac-reims.fr\/ec-chateau-porcien\/-wp-\/wp-json\/wp\/v2\/comments?post=7159"}],"version-history":[{"count":1,"href":"https:\/\/sitetab3.ac-reims.fr\/ec-chateau-porcien\/-wp-\/wp-json\/wp\/v2\/posts\/7159\/revisions"}],"predecessor-version":[{"id":7161,"href":"https:\/\/sitetab3.ac-reims.fr\/ec-chateau-porcien\/-wp-\/wp-json\/wp\/v2\/posts\/7159\/revisions\/7161"}],"wp:attachment":[{"href":"https:\/\/sitetab3.ac-reims.fr\/ec-chateau-porcien\/-wp-\/wp-json\/wp\/v2\/media?parent=7159"}],"wp:term":[{"taxonomy":"category","embeddable":true,"href":"https:\/\/sitetab3.ac-reims.fr\/ec-chateau-porcien\/-wp-\/wp-json\/wp\/v2\/categories?post=7159"},{"taxonomy":"post_tag","embeddable":true,"href":"https:\/\/sitetab3.ac-reims.fr\/ec-chateau-porcien\/-wp-\/wp-json\/wp\/v2\/tags?post=7159"}],"curies":[{"name":"wp","href":"https:\/\/api.w.org\/{rel}","templated":true}]}}