{"id":7163,"date":"2026-04-24T16:54:02","date_gmt":"2026-04-24T14:54:02","guid":{"rendered":"https:\/\/sitetab3.ac-reims.fr\/ec-chateau-porcien\/-wp-\/?p=7163"},"modified":"2026-04-24T16:59:06","modified_gmt":"2026-04-24T14:59:06","slug":"finale-du-concours-du-parlement-des-enfants-en-route-pour-lassemblee-nationale","status":"publish","type":"post","link":"https:\/\/sitetab3.ac-reims.fr\/ec-chateau-porcien\/-wp-\/finale-du-concours-du-parlement-des-enfants-en-route-pour-lassemblee-nationale\/","title":{"rendered":"Finale du concours du Parlement des enfants: en route pour l&rsquo;Assembl\u00e9e Nationale!"},"content":{"rendered":"\n<p>La classe des CM2 est finaliste du concours du <em>Parlement des enfants<\/em> ! L&rsquo;aventure se poursuit donc maintenant avec la pr\u00e9paration d&rsquo;une vid\u00e9o \u00e0 pr\u00e9senter en finale nationale.<\/p>\n\n\n\n<p>Mais les CM2 ont d&rsquo;ores et d\u00e9j\u00e0 l&rsquo;honneur d&rsquo;\u00eatre invit\u00e9s \u00e0 Paris le lundi 8 juin. La Pr\u00e9sidente de l\u2019Assembl\u00e9e nationale et le ministre de l\u2019\u00c9ducation nationale annonceront \u00e0 cette occasion les noms des deux classes laur\u00e9ates de l\u2019\u00e9dition (une classe de CM2 et une classe de 6\u00e8me).<\/p>\n\n\n<div class=\"wp-block-image\">\n<figure class=\"aligncenter size-large is-resized\"><img loading=\"lazy\" decoding=\"async\" width=\"1024\" height=\"372\" src=\"https:\/\/sitetab3.ac-reims.fr\/ec-chateau-porcien\/-wp-\/wp-content\/uploads\/2026\/04\/Capture-decran-2026-04-24-161253-1-1024x372.png\" alt=\"\" class=\"wp-image-7166\" style=\"width:470px;height:auto\" srcset=\"https:\/\/sitetab3.ac-reims.fr\/ec-chateau-porcien\/-wp-\/wp-content\/uploads\/2026\/04\/Capture-decran-2026-04-24-161253-1-1024x372.png 1024w, https:\/\/sitetab3.ac-reims.fr\/ec-chateau-porcien\/-wp-\/wp-content\/uploads\/2026\/04\/Capture-decran-2026-04-24-161253-1-300x109.png 300w, https:\/\/sitetab3.ac-reims.fr\/ec-chateau-porcien\/-wp-\/wp-content\/uploads\/2026\/04\/Capture-decran-2026-04-24-161253-1-768x279.png 768w, https:\/\/sitetab3.ac-reims.fr\/ec-chateau-porcien\/-wp-\/wp-content\/uploads\/2026\/04\/Capture-decran-2026-04-24-161253-1-1536x558.png 1536w, https:\/\/sitetab3.ac-reims.fr\/ec-chateau-porcien\/-wp-\/wp-content\/uploads\/2026\/04\/Capture-decran-2026-04-24-161253-1-2048x745.png 2048w\" sizes=\"(max-width: 1024px) 100vw, 1024px\" \/><\/figure><\/div>","protected":false},"excerpt":{"rendered":"<p>La classe des CM2 est finaliste du concours du Parlement des enfants ! L&rsquo;aventure se poursuit donc maintenant avec la pr\u00e9paration d&rsquo;une vid\u00e9o \u00e0 pr\u00e9senter en finale nationale. Mais les CM2 ont d&rsquo;ores et d\u00e9j\u00e0 l&rsquo;honneur d&rsquo;\u00eatre invit\u00e9s \u00e0 Paris le lundi 8 juin. La Pr\u00e9sidente de l\u2019Assembl\u00e9e nationale et le ministre de l\u2019\u00c9ducation nationale [&hellip;]<\/p>\n","protected":false},"author":1,"featured_media":0,"comment_status":"closed","ping_status":"open","sticky":false,"template":"","format":"standard","meta":{"ngg_post_thumbnail":0,"footnotes":""},"categories":[23],"tags":[],"_links":{"self":[{"href":"https:\/\/sitetab3.ac-reims.fr\/ec-chateau-porcien\/-wp-\/wp-json\/wp\/v2\/posts\/7163"}],"collection":[{"href":"https:\/\/sitetab3.ac-reims.fr\/ec-chateau-porcien\/-wp-\/wp-json\/wp\/v2\/posts"}],"about":[{"href":"https:\/\/sitetab3.ac-reims.fr\/ec-chateau-porcien\/-wp-\/wp-json\/wp\/v2\/types\/post"}],"author":[{"embeddable":true,"href":"https:\/\/sitetab3.ac-reims.fr\/ec-chateau-porcien\/-wp-\/wp-json\/wp\/v2\/users\/1"}],"replies":[{"embeddable":true,"href":"https:\/\/sitetab3.ac-reims.fr\/ec-chateau-porcien\/-wp-\/wp-json\/wp\/v2\/comments?post=7163"}],"version-history":[{"count":3,"href":"https:\/\/sitetab3.ac-reims.fr\/ec-chateau-porcien\/-wp-\/wp-json\/wp\/v2\/posts\/7163\/revisions"}],"predecessor-version":[{"id":7168,"href":"https:\/\/sitetab3.ac-reims.fr\/ec-chateau-porcien\/-wp-\/wp-json\/wp\/v2\/posts\/7163\/revisions\/7168"}],"wp:attachment":[{"href":"https:\/\/sitetab3.ac-reims.fr\/ec-chateau-porcien\/-wp-\/wp-json\/wp\/v2\/media?parent=7163"}],"wp:term":[{"taxonomy":"category","embeddable":true,"href":"https:\/\/sitetab3.ac-reims.fr\/ec-chateau-porcien\/-wp-\/wp-json\/wp\/v2\/categories?post=7163"},{"taxonomy":"post_tag","embeddable":true,"href":"https:\/\/sitetab3.ac-reims.fr\/ec-chateau-porcien\/-wp-\/wp-json\/wp\/v2\/tags?post=7163"}],"curies":[{"name":"wp","href":"https:\/\/api.w.org\/{rel}","templated":true}]}}