{"id":2086,"date":"2022-05-30T15:47:10","date_gmt":"2022-05-30T13:47:10","guid":{"rendered":"http:\/\/sitetab3.ac-reims.fr\/ec-hannogne-st-remy\/-wp-\/?p=2086"},"modified":"2022-05-30T20:49:11","modified_gmt":"2022-05-30T18:49:11","slug":"journee-dimmersion-au-college-de-chateau-porcien","status":"publish","type":"post","link":"https:\/\/sitetab3.ac-reims.fr\/ec-hannogne-st-remy\/-wp-\/journee-dimmersion-au-college-de-chateau-porcien\/","title":{"rendered":"Journ\u00e9e d&rsquo;immersion au coll\u00e8ge de Ch\u00e2teau Porcien"},"content":{"rendered":"\n<p><a href=\"http:\/\/sitetab3.ac-reims.fr\/ec-hannogne-st-remy\/-wp-\/wp-content\/uploads\/college-de-Chateau-Porcien.jpg\"><img loading=\"lazy\" decoding=\"async\" class=\"alignnone  wp-image-2085\" src=\"http:\/\/sitetab3.ac-reims.fr\/ec-hannogne-st-remy\/-wp-\/wp-content\/uploads\/college-de-Chateau-Porcien.jpg\" alt=\"\" width=\"434\" height=\"196\" srcset=\"https:\/\/sitetab3.ac-reims.fr\/ec-hannogne-st-remy\/-wp-\/wp-content\/uploads\/college-de-Chateau-Porcien.jpg 609w, https:\/\/sitetab3.ac-reims.fr\/ec-hannogne-st-remy\/-wp-\/wp-content\/uploads\/college-de-Chateau-Porcien-300x135.jpg 300w\" sizes=\"(max-width: 434px) 100vw, 434px\" \/><\/a><\/p>\n\n\n\n<p>Les \u00e9l\u00e8ves de CM1-CM2 se rendront avec leur enseignante au coll\u00e8ge multisite d&rsquo;Asfeld -Ch\u00e2teau Porcien ( visite sur le site de Ch\u00e2teau Porcien) le <strong>mardi 31 mai 2022 toute la journ\u00e9e<\/strong>. Le repas sera pris \u00e0 la cantine scolaire du coll\u00e8ge.<\/p>\n<p><em>Cette visite au coll\u00e8ge a pour objectifs&nbsp; :<\/em><\/p>\n<p>-d&rsquo;aider les \u00e9l\u00e8ves \u00e0 se familiariser avec un nouvel environnement<\/p>\n<p>-de cr\u00e9er un premier contact entre les futurs \u00e9l\u00e8ves de 6\u00e8me et le personnel du coll\u00e8ge notamment de la vie scolaire<\/p>\n<p>-d&rsquo;aider les \u00e9l\u00e8ves \u00e0 se projeter en cr\u00e9ant des attentes pour l&rsquo;ann\u00e9e scolaire suivante et en r\u00e9pondant aux interrogations qu&rsquo;ils peuvent avoir<\/p>\n<p>-de renforcer le travail effectu\u00e9 en r\u00e9seau \u00e9cole-coll\u00e8ge<\/p>\n<p>&nbsp;<\/p>\n<p>&nbsp;<\/p>\n","protected":false},"excerpt":{"rendered":"","protected":false},"author":1,"featured_media":0,"comment_status":"closed","ping_status":"","sticky":false,"template":"","format":"standard","meta":{"ngg_post_thumbnail":0,"footnotes":""},"categories":[36,58],"tags":[],"_links":{"self":[{"href":"https:\/\/sitetab3.ac-reims.fr\/ec-hannogne-st-remy\/-wp-\/wp-json\/wp\/v2\/posts\/2086"}],"collection":[{"href":"https:\/\/sitetab3.ac-reims.fr\/ec-hannogne-st-remy\/-wp-\/wp-json\/wp\/v2\/posts"}],"about":[{"href":"https:\/\/sitetab3.ac-reims.fr\/ec-hannogne-st-remy\/-wp-\/wp-json\/wp\/v2\/types\/post"}],"author":[{"embeddable":true,"href":"https:\/\/sitetab3.ac-reims.fr\/ec-hannogne-st-remy\/-wp-\/wp-json\/wp\/v2\/users\/1"}],"replies":[{"embeddable":true,"href":"https:\/\/sitetab3.ac-reims.fr\/ec-hannogne-st-remy\/-wp-\/wp-json\/wp\/v2\/comments?post=2086"}],"version-history":[{"count":2,"href":"https:\/\/sitetab3.ac-reims.fr\/ec-hannogne-st-remy\/-wp-\/wp-json\/wp\/v2\/posts\/2086\/revisions"}],"predecessor-version":[{"id":2088,"href":"https:\/\/sitetab3.ac-reims.fr\/ec-hannogne-st-remy\/-wp-\/wp-json\/wp\/v2\/posts\/2086\/revisions\/2088"}],"wp:attachment":[{"href":"https:\/\/sitetab3.ac-reims.fr\/ec-hannogne-st-remy\/-wp-\/wp-json\/wp\/v2\/media?parent=2086"}],"wp:term":[{"taxonomy":"category","embeddable":true,"href":"https:\/\/sitetab3.ac-reims.fr\/ec-hannogne-st-remy\/-wp-\/wp-json\/wp\/v2\/categories?post=2086"},{"taxonomy":"post_tag","embeddable":true,"href":"https:\/\/sitetab3.ac-reims.fr\/ec-hannogne-st-remy\/-wp-\/wp-json\/wp\/v2\/tags?post=2086"}],"curies":[{"name":"wp","href":"https:\/\/api.w.org\/{rel}","templated":true}]}}