{"id":2389,"date":"2022-07-05T04:51:00","date_gmt":"2022-07-05T02:51:00","guid":{"rendered":"http:\/\/sitetab3.ac-reims.fr\/ec-hannogne-st-remy\/-wp-\/?p=2389"},"modified":"2022-08-09T04:55:47","modified_gmt":"2022-08-09T02:55:47","slug":"vigipirate-ete-automne-2022-niveau-securite-renforcee-risque-attentat","status":"publish","type":"post","link":"https:\/\/sitetab3.ac-reims.fr\/ec-hannogne-st-remy\/-wp-\/vigipirate-ete-automne-2022-niveau-securite-renforcee-risque-attentat\/","title":{"rendered":"VIGIPIRATE \u00ab Et\u00e9 \u2013 automne 2022 \u00bb  niveau \u00ab s\u00e9curit\u00e9 renforc\u00e9e \u2013 risque attentat \u00bb"},"content":{"rendered":"\n<p><span dir=\"ltr\" role=\"presentation\">La posture VIGIPIRATE<\/span> <span dir=\"ltr\" role=\"presentation\">\u00ab<strong>Et\u00e9-automne 2022<\/strong><\/span> <span dir=\"ltr\" role=\"presentation\">\u00bb entrera en vigueur \u00e0 compter du mercredi 22 juin 2022. <\/span><span dir=\"ltr\" role=\"presentation\">L&rsquo;ensemble du territoire national est maintenu au niveau\u00ab<\/span> <span dir=\"ltr\" role=\"presentation\">s\u00e9curit\u00e9 renforc\u00e9e-risque attentat<\/span> \u00ab\u00a0<\/p>\n<p><a href=\"http:\/\/sitetab3.ac-reims.fr\/ec-hannogne-st-remy\/-wp-\/wp-content\/uploads\/posture-vigipirage-securite-attentat-risque-attentat.jpg\"><img loading=\"lazy\" decoding=\"async\" class=\"alignnone  wp-image-2393\" src=\"http:\/\/sitetab3.ac-reims.fr\/ec-hannogne-st-remy\/-wp-\/wp-content\/uploads\/posture-vigipirage-securite-attentat-risque-attentat.jpg\" alt=\"\" width=\"312\" height=\"355\" srcset=\"https:\/\/sitetab3.ac-reims.fr\/ec-hannogne-st-remy\/-wp-\/wp-content\/uploads\/posture-vigipirage-securite-attentat-risque-attentat.jpg 622w, https:\/\/sitetab3.ac-reims.fr\/ec-hannogne-st-remy\/-wp-\/wp-content\/uploads\/posture-vigipirage-securite-attentat-risque-attentat-264x300.jpg 264w\" sizes=\"(max-width: 312px) 100vw, 312px\" \/><\/a><\/p>\n<p>&nbsp;<\/p>\n<p>&nbsp;<\/p>\n\n\n","protected":false},"excerpt":{"rendered":"","protected":false},"author":1,"featured_media":0,"comment_status":"closed","ping_status":"","sticky":false,"template":"","format":"standard","meta":{"ngg_post_thumbnail":0,"footnotes":""},"categories":[36,60],"tags":[],"_links":{"self":[{"href":"https:\/\/sitetab3.ac-reims.fr\/ec-hannogne-st-remy\/-wp-\/wp-json\/wp\/v2\/posts\/2389"}],"collection":[{"href":"https:\/\/sitetab3.ac-reims.fr\/ec-hannogne-st-remy\/-wp-\/wp-json\/wp\/v2\/posts"}],"about":[{"href":"https:\/\/sitetab3.ac-reims.fr\/ec-hannogne-st-remy\/-wp-\/wp-json\/wp\/v2\/types\/post"}],"author":[{"embeddable":true,"href":"https:\/\/sitetab3.ac-reims.fr\/ec-hannogne-st-remy\/-wp-\/wp-json\/wp\/v2\/users\/1"}],"replies":[{"embeddable":true,"href":"https:\/\/sitetab3.ac-reims.fr\/ec-hannogne-st-remy\/-wp-\/wp-json\/wp\/v2\/comments?post=2389"}],"version-history":[{"count":3,"href":"https:\/\/sitetab3.ac-reims.fr\/ec-hannogne-st-remy\/-wp-\/wp-json\/wp\/v2\/posts\/2389\/revisions"}],"predecessor-version":[{"id":2395,"href":"https:\/\/sitetab3.ac-reims.fr\/ec-hannogne-st-remy\/-wp-\/wp-json\/wp\/v2\/posts\/2389\/revisions\/2395"}],"wp:attachment":[{"href":"https:\/\/sitetab3.ac-reims.fr\/ec-hannogne-st-remy\/-wp-\/wp-json\/wp\/v2\/media?parent=2389"}],"wp:term":[{"taxonomy":"category","embeddable":true,"href":"https:\/\/sitetab3.ac-reims.fr\/ec-hannogne-st-remy\/-wp-\/wp-json\/wp\/v2\/categories?post=2389"},{"taxonomy":"post_tag","embeddable":true,"href":"https:\/\/sitetab3.ac-reims.fr\/ec-hannogne-st-remy\/-wp-\/wp-json\/wp\/v2\/tags?post=2389"}],"curies":[{"name":"wp","href":"https:\/\/api.w.org\/{rel}","templated":true}]}}