{"id":2418,"date":"2022-08-04T12:29:00","date_gmt":"2022-08-04T10:29:00","guid":{"rendered":"https:\/\/sitetab3.ac-reims.fr\/ec-hannogne-st-remy\/-wp-\/?p=2418"},"modified":"2022-08-24T13:02:24","modified_gmt":"2022-08-24T11:02:24","slug":"prise-de-medicament-a-lecole","status":"publish","type":"post","link":"https:\/\/sitetab3.ac-reims.fr\/ec-hannogne-st-remy\/-wp-\/prise-de-medicament-a-lecole\/","title":{"rendered":"Prise de m\u00e9dicament \u00e0 l&rsquo;\u00e9cole"},"content":{"rendered":"\n<p>Si aucun projet d&rsquo;accueil individualis\u00e9 (PAI) n&rsquo;a \u00e9t\u00e9 \u00e9tabli par le m\u00e9decin scolaire du Centre M\u00e9dico Scolaire de Rethel (CMS) en relation avec la direction de l&rsquo;\u00e9cole, aucun m\u00e9dicament ne sera donn\u00e9 \u00e0 l&rsquo; \u00e9l\u00e8ves par le personnel scolaire et p\u00e9riscolaire. Ceci est valable aussi dans le cas d&rsquo;un traitement \u00e0 court terme. Hors PAI, un \u00e9l\u00e8ve n&rsquo;est pas autoris\u00e9 \u00e0 venir \u00e0 l&rsquo;\u00e9cole avec un traitement m\u00e9dicamenteux.<\/p>\n\n\n\n<p><\/p>\n\n\n\n<p>ATTENTION : Si la situation de votre enfant n\u00e9cessite une prise en charge m\u00e9dicale ou une attention particuli\u00e8re, merci de nous le signaler tr\u00e8s rapidement afin que nous puissions vous expliquer le protocole du PAI.<\/p>\n","protected":false},"excerpt":{"rendered":"<p>Si aucun projet d&rsquo;accueil individualis\u00e9 (PAI) n&rsquo;a \u00e9t\u00e9 \u00e9tabli par le m\u00e9decin scolaire du Centre M\u00e9dico Scolaire de Rethel (CMS) en relation avec la direction de l&rsquo;\u00e9cole, aucun m\u00e9dicament ne sera donn\u00e9 \u00e0 l&rsquo; \u00e9l\u00e8ves par le personnel scolaire et p\u00e9riscolaire. Ceci est valable aussi dans le cas d&rsquo;un traitement \u00e0 court terme. Hors PAI, [&hellip;]<\/p>\n","protected":false},"author":1,"featured_media":0,"comment_status":"closed","ping_status":"closed","sticky":false,"template":"","format":"standard","meta":{"ngg_post_thumbnail":0,"footnotes":""},"categories":[38],"tags":[],"_links":{"self":[{"href":"https:\/\/sitetab3.ac-reims.fr\/ec-hannogne-st-remy\/-wp-\/wp-json\/wp\/v2\/posts\/2418"}],"collection":[{"href":"https:\/\/sitetab3.ac-reims.fr\/ec-hannogne-st-remy\/-wp-\/wp-json\/wp\/v2\/posts"}],"about":[{"href":"https:\/\/sitetab3.ac-reims.fr\/ec-hannogne-st-remy\/-wp-\/wp-json\/wp\/v2\/types\/post"}],"author":[{"embeddable":true,"href":"https:\/\/sitetab3.ac-reims.fr\/ec-hannogne-st-remy\/-wp-\/wp-json\/wp\/v2\/users\/1"}],"replies":[{"embeddable":true,"href":"https:\/\/sitetab3.ac-reims.fr\/ec-hannogne-st-remy\/-wp-\/wp-json\/wp\/v2\/comments?post=2418"}],"version-history":[{"count":1,"href":"https:\/\/sitetab3.ac-reims.fr\/ec-hannogne-st-remy\/-wp-\/wp-json\/wp\/v2\/posts\/2418\/revisions"}],"predecessor-version":[{"id":2419,"href":"https:\/\/sitetab3.ac-reims.fr\/ec-hannogne-st-remy\/-wp-\/wp-json\/wp\/v2\/posts\/2418\/revisions\/2419"}],"wp:attachment":[{"href":"https:\/\/sitetab3.ac-reims.fr\/ec-hannogne-st-remy\/-wp-\/wp-json\/wp\/v2\/media?parent=2418"}],"wp:term":[{"taxonomy":"category","embeddable":true,"href":"https:\/\/sitetab3.ac-reims.fr\/ec-hannogne-st-remy\/-wp-\/wp-json\/wp\/v2\/categories?post=2418"},{"taxonomy":"post_tag","embeddable":true,"href":"https:\/\/sitetab3.ac-reims.fr\/ec-hannogne-st-remy\/-wp-\/wp-json\/wp\/v2\/tags?post=2418"}],"curies":[{"name":"wp","href":"https:\/\/api.w.org\/{rel}","templated":true}]}}