{"id":2510,"date":"2022-09-26T17:51:28","date_gmt":"2022-09-26T15:51:28","guid":{"rendered":"https:\/\/sitetab3.ac-reims.fr\/ec-hannogne-st-remy\/-wp-\/?p=2510"},"modified":"2026-04-30T17:16:03","modified_gmt":"2026-04-30T15:16:03","slug":"devoirs-des-cm","status":"publish","type":"post","link":"https:\/\/sitetab3.ac-reims.fr\/ec-hannogne-st-remy\/-wp-\/devoirs-des-cm\/","title":{"rendered":"Les devoirs des CM2"},"content":{"rendered":"\n<p><\/p>\n\n\n\n<figure class=\"wp-block-table is-style-stripes\"><table><tbody><tr><td class=\"has-text-align-center\" data-align=\"center\"><br><br>Pour lundi<br>04\/05<br><br><br><\/td><td class=\"has-text-align-left\" data-align=\"left\">-Apprendre les mots de dict\u00e9e : nager &#8211; r\u00e9guli\u00e8rement &#8211; muscle &#8211; d\u00e9velopper &#8211; os &#8211; consolider &#8211; articulation &#8211; fonctionner &#8211; cartilage &#8211; c\u0153ur &#8211; grossir &#8211; puissant<br>&#8211; R\u00e9viser le\u00e7on sur le pass\u00e9 compos\u00e9 + conjuguer dans le cahier de brouillon les verbes <strong>penser<\/strong>, <strong>dessiner<\/strong> et <strong>venir<\/strong><br>&#8211;<mark style=\"background-color:rgba(0, 0, 0, 0)\" class=\"has-inline-color has-vivid-purple-color\">Faire signer la po\u00e9sie<\/mark><\/td><\/tr><tr><td class=\"has-text-align-center\" data-align=\"center\"><br><br>Pour mardi 28\/04<br><br><\/td><td class=\"has-text-align-left\" data-align=\"left\"><br><mark style=\"background-color:rgba(0, 0, 0, 0)\" class=\"has-inline-color has-vivid-red-color\">-Evaluation sur les figures planes<\/mark><br>-Prendre ses affaires de piscine<br>-R\u00e9viser\/finir l&rsquo;entrainement de dict\u00e9e<br><\/td><\/tr><tr><td class=\"has-text-align-center\" data-align=\"center\"><br><br>Pour jeudi<br>30\/04<br><br><br><\/td><td class=\"has-text-align-left\" data-align=\"left\"><br><mark style=\"background-color:rgba(0, 0, 0, 0)\" class=\"has-inline-color has-vivid-red-color\">-Evaluation po\u00e9sie + illustration<\/mark><br>-R\u00e9viser l&rsquo;entrainement de dict\u00e9e<br>-Lire le chapitre 17 \u00ab\u00a0Tirez pas sur le scarab\u00e9e\u00a0\u00bb<br>&#8211;<mark style=\"background-color:rgba(0, 0, 0, 0)\" class=\"has-inline-color has-vivid-purple-color\">Faire signer le CDL<\/mark><br><br><br><\/td><\/tr><tr><td class=\"has-text-align-center\" data-align=\"center\"><br>Pour vendredi<br>01\/05<br><br><\/td><td class=\"has-text-align-left\" data-align=\"left\"><br><br><br><br><\/td><\/tr><\/tbody><\/table><figcaption class=\"wp-element-caption\"><span class=\"has-inline-color has-vivid-purple-color\">violet : \u00e9l\u00e8ves d\u00e9sign\u00e9s<\/span><\/figcaption><\/figure>\n\n\n\n<p><\/p>\n","protected":false},"excerpt":{"rendered":"<p>Pour lundi04\/05 -Apprendre les mots de dict\u00e9e : nager &#8211; r\u00e9guli\u00e8rement &#8211; muscle &#8211; d\u00e9velopper &#8211; os &#8211; consolider &#8211; articulation &#8211; fonctionner &#8211; cartilage &#8211; c\u0153ur &#8211; grossir &#8211; puissant&#8211; R\u00e9viser le\u00e7on sur le pass\u00e9 compos\u00e9 + conjuguer dans le cahier de brouillon les verbes penser, dessiner et venir&#8211;Faire signer la po\u00e9sie Pour mardi [&hellip;]<\/p>\n","protected":false},"author":1,"featured_media":0,"comment_status":"closed","ping_status":"closed","sticky":false,"template":"","format":"standard","meta":{"ngg_post_thumbnail":0,"footnotes":""},"categories":[71],"tags":[],"_links":{"self":[{"href":"https:\/\/sitetab3.ac-reims.fr\/ec-hannogne-st-remy\/-wp-\/wp-json\/wp\/v2\/posts\/2510"}],"collection":[{"href":"https:\/\/sitetab3.ac-reims.fr\/ec-hannogne-st-remy\/-wp-\/wp-json\/wp\/v2\/posts"}],"about":[{"href":"https:\/\/sitetab3.ac-reims.fr\/ec-hannogne-st-remy\/-wp-\/wp-json\/wp\/v2\/types\/post"}],"author":[{"embeddable":true,"href":"https:\/\/sitetab3.ac-reims.fr\/ec-hannogne-st-remy\/-wp-\/wp-json\/wp\/v2\/users\/1"}],"replies":[{"embeddable":true,"href":"https:\/\/sitetab3.ac-reims.fr\/ec-hannogne-st-remy\/-wp-\/wp-json\/wp\/v2\/comments?post=2510"}],"version-history":[{"count":427,"href":"https:\/\/sitetab3.ac-reims.fr\/ec-hannogne-st-remy\/-wp-\/wp-json\/wp\/v2\/posts\/2510\/revisions"}],"predecessor-version":[{"id":7105,"href":"https:\/\/sitetab3.ac-reims.fr\/ec-hannogne-st-remy\/-wp-\/wp-json\/wp\/v2\/posts\/2510\/revisions\/7105"}],"wp:attachment":[{"href":"https:\/\/sitetab3.ac-reims.fr\/ec-hannogne-st-remy\/-wp-\/wp-json\/wp\/v2\/media?parent=2510"}],"wp:term":[{"taxonomy":"category","embeddable":true,"href":"https:\/\/sitetab3.ac-reims.fr\/ec-hannogne-st-remy\/-wp-\/wp-json\/wp\/v2\/categories?post=2510"},{"taxonomy":"post_tag","embeddable":true,"href":"https:\/\/sitetab3.ac-reims.fr\/ec-hannogne-st-remy\/-wp-\/wp-json\/wp\/v2\/tags?post=2510"}],"curies":[{"name":"wp","href":"https:\/\/api.w.org\/{rel}","templated":true}]}}