{"id":2941,"date":"2023-01-02T19:34:00","date_gmt":"2023-01-02T18:34:00","guid":{"rendered":"https:\/\/sitetab3.ac-reims.fr\/ec-hannogne-st-remy\/-wp-\/?p=2941"},"modified":"2023-01-19T21:24:47","modified_gmt":"2023-01-19T20:24:47","slug":"vigipirate-hiver-printemps-2023","status":"publish","type":"post","link":"https:\/\/sitetab3.ac-reims.fr\/ec-hannogne-st-remy\/-wp-\/vigipirate-hiver-printemps-2023\/","title":{"rendered":"vigipirate \u00ab\u00a0hiver-printemps 2023\u00a0\u00bb"},"content":{"rendered":"\n<p><em>la <strong>posture VIGIPIRATE \u00ab Hiver \u2013 printemps 2023\u00a0<\/strong>\u00bb, est maintenue sur le territoire national au niveau \u00ab\u00a0<strong>s\u00e9curit\u00e9 renforc\u00e9e \u2013 risque attentat<\/strong>\u00a0\u00bb.\u00a0<\/em><\/p>\n","protected":false},"excerpt":{"rendered":"<p>la posture VIGIPIRATE \u00ab Hiver \u2013 printemps 2023\u00a0\u00bb, est maintenue sur le territoire national au niveau \u00ab\u00a0s\u00e9curit\u00e9 renforc\u00e9e \u2013 risque attentat\u00a0\u00bb.\u00a0<\/p>\n","protected":false},"author":1,"featured_media":0,"comment_status":"closed","ping_status":"closed","sticky":false,"template":"","format":"standard","meta":{"ngg_post_thumbnail":0,"footnotes":""},"categories":[36,60],"tags":[],"_links":{"self":[{"href":"https:\/\/sitetab3.ac-reims.fr\/ec-hannogne-st-remy\/-wp-\/wp-json\/wp\/v2\/posts\/2941"}],"collection":[{"href":"https:\/\/sitetab3.ac-reims.fr\/ec-hannogne-st-remy\/-wp-\/wp-json\/wp\/v2\/posts"}],"about":[{"href":"https:\/\/sitetab3.ac-reims.fr\/ec-hannogne-st-remy\/-wp-\/wp-json\/wp\/v2\/types\/post"}],"author":[{"embeddable":true,"href":"https:\/\/sitetab3.ac-reims.fr\/ec-hannogne-st-remy\/-wp-\/wp-json\/wp\/v2\/users\/1"}],"replies":[{"embeddable":true,"href":"https:\/\/sitetab3.ac-reims.fr\/ec-hannogne-st-remy\/-wp-\/wp-json\/wp\/v2\/comments?post=2941"}],"version-history":[{"count":3,"href":"https:\/\/sitetab3.ac-reims.fr\/ec-hannogne-st-remy\/-wp-\/wp-json\/wp\/v2\/posts\/2941\/revisions"}],"predecessor-version":[{"id":2944,"href":"https:\/\/sitetab3.ac-reims.fr\/ec-hannogne-st-remy\/-wp-\/wp-json\/wp\/v2\/posts\/2941\/revisions\/2944"}],"wp:attachment":[{"href":"https:\/\/sitetab3.ac-reims.fr\/ec-hannogne-st-remy\/-wp-\/wp-json\/wp\/v2\/media?parent=2941"}],"wp:term":[{"taxonomy":"category","embeddable":true,"href":"https:\/\/sitetab3.ac-reims.fr\/ec-hannogne-st-remy\/-wp-\/wp-json\/wp\/v2\/categories?post=2941"},{"taxonomy":"post_tag","embeddable":true,"href":"https:\/\/sitetab3.ac-reims.fr\/ec-hannogne-st-remy\/-wp-\/wp-json\/wp\/v2\/tags?post=2941"}],"curies":[{"name":"wp","href":"https:\/\/api.w.org\/{rel}","templated":true}]}}