{"id":4545,"date":"2024-02-15T15:06:53","date_gmt":"2024-02-15T14:06:53","guid":{"rendered":"https:\/\/sitetab3.ac-reims.fr\/ec-hannogne-st-remy\/-wp-\/?p=4545"},"modified":"2024-03-13T19:16:44","modified_gmt":"2024-03-13T18:16:44","slug":"rencontre-avec-les-futurs-parents-deleves-de-6eme","status":"publish","type":"post","link":"https:\/\/sitetab3.ac-reims.fr\/ec-hannogne-st-remy\/-wp-\/rencontre-avec-les-futurs-parents-deleves-de-6eme\/","title":{"rendered":"Rencontre avec les futurs parents d&rsquo;\u00e9l\u00e8ves de 6\u00e8me :  site de Ch\u00e2teau Porcien le jeudi 21 mars 2024 \u00e0 18h30."},"content":{"rendered":"\n<p>Madame Marchois, Principale du coll\u00e8ge Multisite Asfeld -Ch\u00e2teau Porcien invite les familles des futurs coll\u00e9giens \u00e0 la rencontrer sur le site de Ch\u00e2t<strong>eau Porcien<\/strong> <strong>le jeudi 21 mars 2024 \u00e0 18h30.<\/strong><\/p>\n\n\n\n<p>Cette rencontre permettra la pr\u00e9sentation du coll\u00e8ge, sa structure et son fonctionnement et sera un moment d&rsquo;\u00e9change afin de r\u00e9pondre \u00e0 vos interrogations.<\/p>\n\n\n\n<p><\/p>\n\n\n\n<p><\/p>\n","protected":false},"excerpt":{"rendered":"<p>Madame Marchois, Principale du coll\u00e8ge Multisite Asfeld -Ch\u00e2teau Porcien invite les familles des futurs coll\u00e9giens \u00e0 la rencontrer sur le site de Ch\u00e2teau Porcien le jeudi 21 mars 2024 \u00e0 18h30. Cette rencontre permettra la pr\u00e9sentation du coll\u00e8ge, sa structure et son fonctionnement et sera un moment d&rsquo;\u00e9change afin de r\u00e9pondre \u00e0 vos interrogations.<\/p>\n","protected":false},"author":1,"featured_media":0,"comment_status":"closed","ping_status":"closed","sticky":false,"template":"","format":"standard","meta":{"ngg_post_thumbnail":0,"footnotes":""},"categories":[36,58],"tags":[],"_links":{"self":[{"href":"https:\/\/sitetab3.ac-reims.fr\/ec-hannogne-st-remy\/-wp-\/wp-json\/wp\/v2\/posts\/4545"}],"collection":[{"href":"https:\/\/sitetab3.ac-reims.fr\/ec-hannogne-st-remy\/-wp-\/wp-json\/wp\/v2\/posts"}],"about":[{"href":"https:\/\/sitetab3.ac-reims.fr\/ec-hannogne-st-remy\/-wp-\/wp-json\/wp\/v2\/types\/post"}],"author":[{"embeddable":true,"href":"https:\/\/sitetab3.ac-reims.fr\/ec-hannogne-st-remy\/-wp-\/wp-json\/wp\/v2\/users\/1"}],"replies":[{"embeddable":true,"href":"https:\/\/sitetab3.ac-reims.fr\/ec-hannogne-st-remy\/-wp-\/wp-json\/wp\/v2\/comments?post=4545"}],"version-history":[{"count":3,"href":"https:\/\/sitetab3.ac-reims.fr\/ec-hannogne-st-remy\/-wp-\/wp-json\/wp\/v2\/posts\/4545\/revisions"}],"predecessor-version":[{"id":4721,"href":"https:\/\/sitetab3.ac-reims.fr\/ec-hannogne-st-remy\/-wp-\/wp-json\/wp\/v2\/posts\/4545\/revisions\/4721"}],"wp:attachment":[{"href":"https:\/\/sitetab3.ac-reims.fr\/ec-hannogne-st-remy\/-wp-\/wp-json\/wp\/v2\/media?parent=4545"}],"wp:term":[{"taxonomy":"category","embeddable":true,"href":"https:\/\/sitetab3.ac-reims.fr\/ec-hannogne-st-remy\/-wp-\/wp-json\/wp\/v2\/categories?post=4545"},{"taxonomy":"post_tag","embeddable":true,"href":"https:\/\/sitetab3.ac-reims.fr\/ec-hannogne-st-remy\/-wp-\/wp-json\/wp\/v2\/tags?post=4545"}],"curies":[{"name":"wp","href":"https:\/\/api.w.org\/{rel}","templated":true}]}}