{"id":4592,"date":"2024-02-23T13:20:00","date_gmt":"2024-02-23T12:20:00","guid":{"rendered":"https:\/\/sitetab3.ac-reims.fr\/ec-hannogne-st-remy\/-wp-\/?p=4592"},"modified":"2024-03-05T16:57:29","modified_gmt":"2024-03-05T15:57:29","slug":"compte-rendu-du-second-conseil-decole-2023-2024","status":"publish","type":"post","link":"https:\/\/sitetab3.ac-reims.fr\/ec-hannogne-st-remy\/-wp-\/compte-rendu-du-second-conseil-decole-2023-2024\/","title":{"rendered":"Compte-rendu du second conseil d&rsquo;\u00e9cole 2023-2024 : jeudi 15 f\u00e9vrier 2024"},"content":{"rendered":"\n<p><strong>JEUDI 15 f\u00e9vrier 2024 de 18h00 \u00e0 20h00<\/strong><\/p>\n\n\n\n<p><strong><u>Personnes pr\u00e9sentes&nbsp;:<\/u><\/strong><\/p>\n\n\n\n<p>-Les repr\u00e9sentantes \u00e9lues des parents d\u2019\u00e9l\u00e8ves&nbsp;: Mesdames PORTEAU (enfant en classe de CM2), MARTIN (enfant en classe de CM2), CARVALHO (enfant en classe de GS),<\/p>\n\n\n\n<p>-Les enseignantes, HOSSON, enseignante de la classe de CE1-CE2, BAILLY enseignante de la classe de CE1-CP, GUERLOT enseignante de la classe de PS-MS-GS et directrice de l\u2019\u00e9cole.<\/p>\n\n\n<p><!--more--><\/p>\n\n\n<p>Madame MAILLOT, Elue de la communaut\u00e9 du Pays reth\u00e9lois d\u00e9sign\u00e9e pour participer aux conseils d\u2019\u00e9cole de Hannogne ST R\u00e9my,<\/p>\n\n\n\n<p>Madame FLEITER, Maire de la commune de Saint Quentin Le Petit- Monsieur CARRE, maire de la commune de Banogne Recouvrance, Monsieur GUIRSCH, maire de la commune de S\u00e9vigny Waleppe, Monsieur GERARD, Maire de la commune de Hannogne St R\u00e9my<\/p>\n\n\n\n<p><strong><u>Absents excus\u00e9s<\/u><\/strong>&nbsp;:<\/p>\n\n\n\n<p>Monsieur L\u2019inspecteur de l\u2019Education nationale de la circonscription de Rethel<\/p>\n\n\n\n<p>M.Fourny, maire de Seraincourt<\/p>\n\n\n\n<p>Monsieur Jenin, D\u00e9l\u00e9gu\u00e9 D\u00e9partemental de l\u2019Education Nationale (DDEN), nomm\u00e9 par l\u2019Inspecteur d\u2019Acad\u00e9mie des Ardennes.<\/p>\n\n\n\n<p>Madame BARRAS, enseignante de la classe CM1-CM2<\/p>\n\n\n\n<p>Monsieur Duthie, enseignant qui effectue la d\u00e9charge de direction de la directrice le jeudi et le compl\u00e9ment de service le lundi dans la classe de CM1-CM2<\/p>\n\n\n\n<p>Mme GAILLANT, (enfant en classe de CP et CM2) repr\u00e9sentante suppl\u00e9ante \u00e9lue remplace M PRIOUX qui n\u2019a plus ses enfants scolaris\u00e9s dans l\u2019\u00e9cole.<\/p>\n\n\n\n<ul><li><strong>Effectif des \u00e9l\u00e8ves au 15.02.2024 et pr\u00e9visions des effectifs pour l\u2019ann\u00e9e scolaire 2024-2025<\/strong><\/li><\/ul>\n\n\n\n<p>Au 15.02.2023&nbsp;:&nbsp;&nbsp;&nbsp;&nbsp;&nbsp;&nbsp;&nbsp;&nbsp;&nbsp;&nbsp;&nbsp;&nbsp;&nbsp;&nbsp;&nbsp;&nbsp;&nbsp;&nbsp;&nbsp;&nbsp;&nbsp;&nbsp;&nbsp;&nbsp;&nbsp;&nbsp;&nbsp;&nbsp;&nbsp;&nbsp;&nbsp;&nbsp;&nbsp;&nbsp;&nbsp;&nbsp; au 01.09.2024<\/p>\n\n\n\n<figure class=\"wp-block-image size-full\"><img loading=\"lazy\" decoding=\"async\" width=\"330\" height=\"275\" src=\"https:\/\/sitetab3.ac-reims.fr\/ec-hannogne-st-remy\/-wp-\/wp-content\/uploads\/Image1-1.png\" alt=\"\" class=\"wp-image-4600\" srcset=\"https:\/\/sitetab3.ac-reims.fr\/ec-hannogne-st-remy\/-wp-\/wp-content\/uploads\/Image1-1.png 330w, https:\/\/sitetab3.ac-reims.fr\/ec-hannogne-st-remy\/-wp-\/wp-content\/uploads\/Image1-1-300x250.png 300w\" sizes=\"(max-width: 330px) 100vw, 330px\" \/><\/figure>\n\n\n\n<ul><li>Arriv\u00e9e d\u2019une nouvelle ATSEM, Mme Boudsocq, au mois de janvier en remplacement de Mme Colfaux.<\/li><\/ul>\n\n\n\n<ul><li><strong>Bilan des exercices d\u2019\u00e9vacuation incendie et du Plan Particulier de Mise en S\u00e9curit\u00e9<\/strong><\/li><\/ul>\n\n\n\n<p>Le prochain exercice incendie est pr\u00e9vu au mois de mars (date non communiqu\u00e9e aux \u00e9l\u00e8ves). Le second exercice du PPMS risques majeurs devrait avoir lieu prochainement.<\/p>\n\n\n\n<ul><li><strong>Communication et \u00e9changes avec les familles au sujet des bilans semestriels ou autres<\/strong> (utilisation de Educonnect \u2013 absences).<\/li><\/ul>\n\n\n\n<p>Des rendez-vous ont \u00e9t\u00e9 propos\u00e9s aux parents pour la restitution des LSU pour la classe de CP-CE1 et CE1-CE2. Cela se poursuit actuellement. Pour la classe de CM, les livrets seront consultables \u00e0 partir du d\u00e9but des vacances scolaires.<\/p>\n\n\n\n<p>Les enseignantes rappellent le fonctionnement d\u2019Educonnect pour la prise de connaissance des LSU ainsi que leurs signatures.<\/p>\n\n\n\n<p>Pour la classe maternelle, les \u00e9valuations sont en cours et des rendez-vous seront propos\u00e9s au mois de mars. La question de la dur\u00e9e des rendez-vous (pour les PS notamment) a \u00e9t\u00e9 \u00e9voqu\u00e9e.<\/p>\n\n\n\n<ul><li><strong>Pr\u00e9sentation des \u00e9valuations nationales point d\u2019\u00e9tape pour les \u00e9l\u00e8ves de CP<\/strong><\/li><\/ul>\n\n\n\n<p>En fran\u00e7ais, les points d&rsquo;appuis sont la compr\u00e9hension orale et la connaissance des correspondances graphophonologiques simples.<br>Les fragilit\u00e9s constat\u00e9es sont l&rsquo;encodage de syllabes et l&rsquo;encodage de mots. Cela reste \u00e0 relativiser pour quelques \u00e9l\u00e8ves pour lesquels les types d&rsquo;erreurs constat\u00e9s font encore partie du processus d&rsquo;apprentissage.<\/p>\n\n\n\n<p>En math\u00e9matiques, les points d&rsquo;appuis sont les comp\u00e9tences en num\u00e9ration (lire et \u00e9crire les nombres, les ordonner, les comparer).<br>La r\u00e9solution de probl\u00e8mes et le calcul en ligne (plus particuli\u00e8rement les soustractions) sont sources de difficult\u00e9 pour la moiti\u00e9 du groupe.<\/p>\n\n\n\n<ul><li><strong>Pr\u00e9sentation de la proc\u00e9dure d\u2019orientation et d\u2019affectation des \u00e9l\u00e8ves en classe de 6<sup>\u00e8me<\/sup><\/strong><\/li><\/ul>\n\n\n\n<p>Madame la Principale du coll\u00e8ge multisite a invit\u00e9 les parents des futurs coll\u00e9giens \u00e0 une r\u00e9union d\u2019information le jeudi 21 mars 2024 \u00e0 18h30 au coll\u00e8ge multisite de Ch\u00e2teau Porcien.<\/p>\n\n\n\n<p>Sur le mod\u00e8le des ann\u00e9es pr\u00e9c\u00e9dentes les \u00e9l\u00e8ves de la classe de CM1-CM2 se rendront au coll\u00e8ge de Ch\u00e2teau Porcien le jeudi 23 mai 2024 de 9h30 \u00e0 15h00. Ils participeront \u00e0 des cours, pourront d\u00e9jeuner \u00e0 la cantine et se feront expliquer le fonctionnement de l&rsquo;\u00e9tablissement.<\/p>\n\n\n\n<p>Le 14 mars 2024 sera distribu\u00e9 le premier volet aux repr\u00e9sentants l\u00e9gaux ainsi que la note d\u2019information concernant l\u2019orientation des \u00e9l\u00e8ves au coll\u00e8ge. Cette fiche est \u00e0 rendre corrig\u00e9e au plus tard le 21 mars 2024 \u00e0 l\u2019enseignante.<\/p>\n\n\n\n<p>Les familles \u00e9mettent des v\u0153ux sur la fiche Affelnet volet 2 sur laquelle sera pr\u00e9cis\u00e9 le coll\u00e8ge de secteur ou autre coll\u00e8ge selon le choix d\u2019orientation. Cette fiche sera distribu\u00e9e le 25 mars 2024.<\/p>\n\n\n\n<ul><li><strong>Bilan de l\u2019auto\u00e9valuation d\u2019\u00e9cole&nbsp;<\/strong><\/li><\/ul>\n\n\n\n<p>Mme Guerlot pr\u00e9sente aux membres du conseil d\u2019\u00e9cole les r\u00e9sultats de l\u2019enqu\u00eate \u00ab&nbsp;parents&nbsp;\u00bb, ainsi que le bilan de l\u2019auto-\u00e9valuation r\u00e9alis\u00e9 par les enseignants. L\u2019enqu\u00eate parents a eu 25 retours (un questionnaire par parent et par enfant a \u00e9t\u00e9 envoy\u00e9). La venue \u00e0 l\u2019\u00e9cole des \u00e9valuateurs externes sera la prochaine \u00e9tape du processus d\u2019\u00e9valuation. A ce jour, la date n\u2019a pas \u00e9t\u00e9 communiqu\u00e9e.<\/p>\n\n\n\n<ul><li><strong>Modifications ou ajouts dans le r\u00e8glement d\u2019\u00e9cole<\/strong><\/li><\/ul>\n\n\n\n<p><strong>Proposition d\u2019ajout&nbsp;:<\/strong> <strong>TRANSPORTS SCOLAIRES<\/strong><\/p>\n\n\n\n<p>La d\u00e9cision de suspendre la circulation des cars scolaires et des lignes r\u00e9guli\u00e8res&nbsp;est faite par arr\u00eat\u00e9 pr\u00e9fectoral.<\/p>\n\n\n\n<p>Lorsqu\u2019il n\u2019y a pas d\u2019arr\u00eat\u00e9 pr\u00e9fectoral mais que la m\u00e9t\u00e9o classe notre d\u00e9partement en vigilance orange, la r\u00e8gle alors qui s\u2019applique est que si le service du matin est suspendu (\u00e0 l\u2019appr\u00e9ciation du conducteur en charge du service), le service du soir n\u2019est alors pas effectu\u00e9 m\u00eame si les conditions m\u00e9t\u00e9orologiques sont plus favorables.<\/p>\n\n\n\n<p><strong>Aussi, il est important de rappeler aux parents que lorsqu\u2019ils emm\u00e8nent leurs enfants par leurs propres moyens le matin, ils doivent \u00eatre en mesure d\u2019assurer le trajet du soir.<\/strong><\/p>\n\n\n\n<p><strong>Proposition de compl\u00e9ment&nbsp;: Absence exceptionnelle<\/strong><\/p>\n\n\n\n<p><strong>&nbsp;<\/strong><strong>En cas d\u2019absence pour des obligations \u00e0 caract\u00e8re exceptionnel, il incombe aux responsables l\u00e9gaux de formuler leur demande et de la communiquer \u00e0 la directrice de l\u2019\u00e9cole qui se chargera de la transmettre \u00e0 l\u2019inspecteur de l\u2019\u00c9ducation nationale. <\/strong><strong>Merci de communiquer votre courrier ou mail plusieurs jours \u00e0 l&rsquo;avance afin que Monsieur L&rsquo;Inspecteur puisse en prendre connaissance en amont et apporte une r\u00e9ponse.<\/strong><\/p>\n\n\n\n<p><strong>Les modifications propos\u00e9es sont adopt\u00e9es \u00e0 l\u2019unanimit\u00e9.<\/strong><\/p>\n\n\n\n<ul><li><strong>Accueil des \u00e9l\u00e8ves en cas de gr\u00e8ve<\/strong><\/li><\/ul>\n\n\n\n<p><strong>Le fonctionnement de l\u2019accueil des \u00e9l\u00e8ves en cas de gr\u00e8ve est expliqu\u00e9 (condition de mise en place su service minimum d\u2019accueil).<\/strong><\/p>\n\n\n\n<ul><li><strong>Bilan des actions p\u00e9dagogiques et \u00e9ducatives du 1<sup>er<\/sup> semestre<\/strong><\/li><\/ul>\n\n\n\n<p><em>C\u00e9r\u00e9monie du 11 novembre<\/em>&nbsp;: les \u00e9l\u00e8ves se sont rendus au monument aux morts. Les CM ont choisi et lu des textes. L\u2019ensemble des \u00e9l\u00e8ves a chant\u00e9 la Marseillaise et une gerbe de fleur, offerte par les Serres d\u2019Hannogne, a \u00e9t\u00e9 d\u00e9pos\u00e9e au monument aux morts.<\/p>\n\n\n\n<p><em>PAG Chorale<\/em>&nbsp;: \u00ab&nbsp;L\u2019\u00e9vasion&nbsp;\u00bb de Julien Joubert, en partenariat avec l\u2019\u00e9cole de Musique Agora de Rethel. La restitution aura lieu le mardi 2 juillet, le soir, \u00e0 la salle Atmosph\u00e8re de Rethel. Les familles seront invit\u00e9es (dans la limite de deux adultes par famille). L\u2019apr\u00e8s-midi du 2 juillet sera consacr\u00e9 aux r\u00e9p\u00e9titions (\u00e0 partir de 13h30). Le transport sera subventionn\u00e9 par la communaut\u00e9 de communes.<\/p>\n\n\n\n<p><em>Journ\u00e9e de la la\u00efcit\u00e9<\/em>&nbsp;: Les enseignantes ont choisi de travailler en particulier sur l\u2019\u00e9galit\u00e9 fille\/gar\u00e7on et la lutte contre les st\u00e9r\u00e9otypes.<\/p>\n\n\n\n<p><em>No\u00ebl&nbsp;<\/em>: le spectacle de no\u00ebl (compagnie \u00ab&nbsp;Les cheveux de B\u00e9r\u00e9nice&nbsp;\u00bb) a eu lieu le 22 d\u00e9cembre. Il a \u00e9t\u00e9 offert par la coop\u00e9rative scolaire (co\u00fbt 500\u20ac). Il a \u00e9t\u00e9 suivi d\u2019un go\u00fbter, offert par M. et Mme Guillaume, parents d\u2019\u00e9l\u00e8ve de CM1. Des brioches ont \u00e9galement \u00e9t\u00e9 achet\u00e9es \u00e0 M.Jacques, boulanger parent d\u2019\u00e9l\u00e8ve de CE1, qui a accord\u00e9 une r\u00e9duction \u00e0 la coop\u00e9rative scolaire. Les cadeaux de classes \u00e9taient constitu\u00e9s de 2 jeux de soci\u00e9t\u00e9\/classe (co\u00fbt&nbsp;: 169\u20ac23) et des photos individuelles avec fond de No\u00ebl ont \u00e9t\u00e9 offertes aux familles. Co\u00fbt total du projet no\u00ebl pour la coop\u00e9rative scolaire&nbsp;: 731\u20ac54<\/p>\n\n\n\n<p><em>Calendrier<\/em>&nbsp;: 94 calendriers ont \u00e9t\u00e9 vendus. Le b\u00e9n\u00e9fice de l\u2019action est de 284\u20ac, merci \u00e0 tous pour votre participation.<\/p>\n\n\n\n<p><em>Sortie \u00e0 la m\u00e9diath\u00e8que des maternelles<\/em>&nbsp;: les \u00e9l\u00e8ves se sont rendus \u00e0 trois reprises \u00e0 la m\u00e9diath\u00e8que de Rethel, en profitant du transport des \u00e9l\u00e8ves de Cp-Ce1 \u00e0 la piscine. Les \u00e9l\u00e8ves, m\u00eame les plus jeunes, se sont montr\u00e9s tr\u00e8s enthousiastes.<\/p>\n\n\n\n<p><em>Intervention de la ma\u00eetresse E, enseignante sp\u00e9cialis\u00e9e du RASED de Rethel&nbsp;:<\/em> Mme Philippot intervient dans la classe de CP-CE1 au cours du 1<sup>er<\/sup> semestre. Son intervention sera prolong\u00e9e au cours du second.<\/p>\n\n\n\n<p>Une infirmi\u00e8re scolaire vient d\u2019\u00eatre nomm\u00e9e sur le secteur de Ch\u00e2teau-Porcien et interviendra dans notre \u00e9cole au mois de mars pour les visites de CP et GS.<\/p>\n\n\n\n<p>La PMI interviendra \u00e9galement aupr\u00e8s des \u00e9l\u00e8ves de maternelle courant mars (visite m\u00e9dicale pour les \u00e9l\u00e8ves de PS).<\/p>\n\n\n\n<ul><li><strong>Sorties scolaires pr\u00e9vues et bilan des actions de la coop\u00e9rative scolaire (photos scolaires \u2013 f\u00eate scolaire de fin d\u2019ann\u00e9e)<\/strong><\/li><\/ul>\n\n\n\n<p>Photos de classe&nbsp;: 11 avril matin<\/p>\n\n\n\n<p>Parc Argonne D\u00e9couverte pour classe 1 et 2 <\/p>\n\n\n\n<p>Projet \u00e9cole d\u2019autrefois pour les classes de CE1\/CE2 et CM1\/CM2<\/p>\n\n\n\n<p>Nous remercions M Jenin pour son don financier \u00e0 la coop\u00e9rative ainsi que toutes les familles qui participent par leurs dons et leur pr\u00e9sence \u00e0 la vie de l\u2019\u00e9cole.<\/p>\n\n\n\n<ul><li><strong>Cr\u00e9ation de l\u2019association des parents d\u2019\u00e9l\u00e8ves<\/strong><\/li><\/ul>\n\n\n\n<p>L\u2019association est officiellement cr\u00e9\u00e9e depuis la semaine derni\u00e8re. L\u2019association est constitu\u00e9e de 14 membres \u00e9lus. Cinq membres font partie du bureau&nbsp;:<\/p>\n\n\n\n<ul><li>Mme Carvalho, pr\u00e9sidente<\/li><li>Mme Guillaume, vice-pr\u00e9sidente<\/li><li>Mme Hosson, tr\u00e9sori\u00e8re<\/li><li>Mme Vad\u00e9, secr\u00e9taire<\/li><li>Mme Hennebelle, secr\u00e9taire adjointe<\/li><\/ul>\n\n\n\n<p>Dans l\u2019imm\u00e9diat, l\u2019association pr\u00e9voit d\u2019organiser un loto et la kermesse de l\u2019\u00e9cole (<a href=\"https:\/\/sitetab3.ac-reims.fr\/ec-hannogne-st-remy\/-wp-\/la-ronde-des-parents-organise-son-premier-loto\/\">acc\u00e8s au site de l\u2019\u00e9cole pour l\u2019infographie)<\/a><\/p>\n\n\n\n<ul><li><strong>Transports scolaires<\/strong>&nbsp;:<\/li><\/ul>\n\n\n\n<p>Via un courrier des services de la DSDEN, destin\u00e9 aux maires des villages et \u00e0 la directrice de l\u2019\u00e9cole, la question de l\u2019organisation des transports est soumise aux membres du conseil. Les horaires actuels avec le temps de la pause m\u00e9ridienne de deux heures permettent au plus grand nombre d\u2019\u00e9l\u00e8ves de participer aux s\u00e9ances d\u2019APC et du soutien (PACTE). Aussi, Les \u00e9l\u00e8ves externes b\u00e9n\u00e9ficient du temps n\u00e9cessaire pour d\u00e9jeuner \u00e0 domicile (contrainte du trajet domicile-\u00e9cole) et les \u00e9l\u00e8ves demi-pensionnaires peuvent profiter d\u2019activit\u00e9s propos\u00e9es par l\u2019\u00e9quipe p\u00e9riscolaire.<\/p>\n\n\n\n<p>Pour l\u2019ensemble de ces raisons, les membres du conseil d\u2019\u00e9cole sont favorables \u00e0 la continuit\u00e9 de cette organisation horaire.<\/p>\n\n\n\n<p>La question de l\u2019absence d\u2019un accompagnateur dans les bus pour le trajet du retour au domicile est \u00e9voqu\u00e9e. En cas de difficult\u00e9s rencontr\u00e9es sur le temps du transport, Les familles sont invit\u00e9es \u00e0 se rapprocher du service transport- r\u00e9gion Grand Est (<a href=\"https:\/\/www.fluo.eu\/fr\/part57\/contact\/111\">acc\u00e8s par le lien sur le site internet de l\u2019\u00e9cole colonne de gauche&nbsp;: des liens pour les parents<\/a>)<\/p>\n\n\n\n<ul><li><strong>Investissements mat\u00e9riels r\u00e9alis\u00e9s et \u00e0 venir, contr\u00f4le et entretien des b\u00e2timents<\/strong><\/li><\/ul>\n\n\n\n<p>Informatique&nbsp;: sept tablettes devaient \u00eatre remplac\u00e9es, l\u2019\u00e9cole en a re\u00e7u six. Ces derni\u00e8res n\u2019\u00e9tant pas \u00e9quip\u00e9es du clavier qui \u00e9quipe les autres tablettes, une demande en ce sens a \u00e9t\u00e9 transmise \u00e0 Mme Valeyre.<\/p>\n\n\n\n<ul><li><strong>Questions diverses<\/strong>&nbsp;(d\u00e9p\u00f4t des questions et r\u00e9flexions formul\u00e9es et soumises \u00e0 l\u2019\u00e9quipe enseignante au plus tard le lundi 12 f\u00e9vrier 2024)<\/li><\/ul>\n\n\n\n<p>Utilisation du site internet pour les devoirs en classe de CM&nbsp;: l\u2019enseignante rempla\u00e7ante b\u00e9n\u00e9ficie \u00e0 ce jour d\u2019un acc\u00e8s internet pour le site. Les devoirs sont donc disponibles sur le site.<\/p>\n\n\n\n<p>Fin de la s\u00e9ance 20H00, Hannogne St R\u00e9my<\/p>\n","protected":false},"excerpt":{"rendered":"<p>JEUDI 15 f\u00e9vrier 2024 de 18h00 \u00e0 20h00 Personnes pr\u00e9sentes&nbsp;: -Les repr\u00e9sentantes \u00e9lues des parents d\u2019\u00e9l\u00e8ves&nbsp;: Mesdames PORTEAU (enfant en classe de CM2), MARTIN (enfant en classe de CM2), CARVALHO (enfant en classe de GS), -Les enseignantes, HOSSON, enseignante de la classe de CE1-CE2, BAILLY enseignante de la classe de CE1-CP, GUERLOT enseignante de la [&hellip;]<\/p>\n","protected":false},"author":1,"featured_media":0,"comment_status":"closed","ping_status":"closed","sticky":false,"template":"","format":"standard","meta":{"ngg_post_thumbnail":0,"footnotes":""},"categories":[21,36],"tags":[],"_links":{"self":[{"href":"https:\/\/sitetab3.ac-reims.fr\/ec-hannogne-st-remy\/-wp-\/wp-json\/wp\/v2\/posts\/4592"}],"collection":[{"href":"https:\/\/sitetab3.ac-reims.fr\/ec-hannogne-st-remy\/-wp-\/wp-json\/wp\/v2\/posts"}],"about":[{"href":"https:\/\/sitetab3.ac-reims.fr\/ec-hannogne-st-remy\/-wp-\/wp-json\/wp\/v2\/types\/post"}],"author":[{"embeddable":true,"href":"https:\/\/sitetab3.ac-reims.fr\/ec-hannogne-st-remy\/-wp-\/wp-json\/wp\/v2\/users\/1"}],"replies":[{"embeddable":true,"href":"https:\/\/sitetab3.ac-reims.fr\/ec-hannogne-st-remy\/-wp-\/wp-json\/wp\/v2\/comments?post=4592"}],"version-history":[{"count":10,"href":"https:\/\/sitetab3.ac-reims.fr\/ec-hannogne-st-remy\/-wp-\/wp-json\/wp\/v2\/posts\/4592\/revisions"}],"predecessor-version":[{"id":4618,"href":"https:\/\/sitetab3.ac-reims.fr\/ec-hannogne-st-remy\/-wp-\/wp-json\/wp\/v2\/posts\/4592\/revisions\/4618"}],"wp:attachment":[{"href":"https:\/\/sitetab3.ac-reims.fr\/ec-hannogne-st-remy\/-wp-\/wp-json\/wp\/v2\/media?parent=4592"}],"wp:term":[{"taxonomy":"category","embeddable":true,"href":"https:\/\/sitetab3.ac-reims.fr\/ec-hannogne-st-remy\/-wp-\/wp-json\/wp\/v2\/categories?post=4592"},{"taxonomy":"post_tag","embeddable":true,"href":"https:\/\/sitetab3.ac-reims.fr\/ec-hannogne-st-remy\/-wp-\/wp-json\/wp\/v2\/tags?post=4592"}],"curies":[{"name":"wp","href":"https:\/\/api.w.org\/{rel}","templated":true}]}}