{"id":4605,"date":"2024-03-05T16:28:01","date_gmt":"2024-03-05T15:28:01","guid":{"rendered":"https:\/\/sitetab3.ac-reims.fr\/ec-hannogne-st-remy\/-wp-\/?p=4605"},"modified":"2024-03-05T16:29:02","modified_gmt":"2024-03-05T15:29:02","slug":"journee-immersion-college-multisite-de-chateau-porcien-23-mai-2024","status":"publish","type":"post","link":"https:\/\/sitetab3.ac-reims.fr\/ec-hannogne-st-remy\/-wp-\/journee-immersion-college-multisite-de-chateau-porcien-23-mai-2024\/","title":{"rendered":"Journ\u00e9e immersion coll\u00e8ge multisite de Ch\u00e2teau-Porcien : 23 mai 2024"},"content":{"rendered":"\n<figure class=\"wp-block-image size-large is-resized\"><img loading=\"lazy\" decoding=\"async\" src=\"https:\/\/sitetab3.ac-reims.fr\/ec-hannogne-st-remy\/-wp-\/wp-content\/uploads\/image-12-1024x532.png\" alt=\"\" class=\"wp-image-4606\" width=\"445\" height=\"231\" srcset=\"https:\/\/sitetab3.ac-reims.fr\/ec-hannogne-st-remy\/-wp-\/wp-content\/uploads\/image-12-1024x532.png 1024w, https:\/\/sitetab3.ac-reims.fr\/ec-hannogne-st-remy\/-wp-\/wp-content\/uploads\/image-12-300x156.png 300w, https:\/\/sitetab3.ac-reims.fr\/ec-hannogne-st-remy\/-wp-\/wp-content\/uploads\/image-12-768x399.png 768w, https:\/\/sitetab3.ac-reims.fr\/ec-hannogne-st-remy\/-wp-\/wp-content\/uploads\/image-12.png 1062w\" sizes=\"(max-width: 445px) 100vw, 445px\" \/><\/figure>\n\n\n\n<p>Pour votre information, la journ\u00e9e d&rsquo;immersion au coll\u00e8ge pour la classe de CM1-CM2 aura lieu le jeudi 23 mai 2024 de 9h30 \u00e0 15h00. Les \u00e9l\u00e8ves partiront de l&rsquo;\u00e9cole \u00e0 9h00 de l&rsquo;\u00e9cole en bus et pourront d\u00e9jeuner au coll\u00e8ge. Des informations pr\u00e9cises et une demande autorisation parentale (hors temps scolaire de 12h00 -13h50) seront communiqu\u00e9es aux familles  quelques semaines en amont. <\/p>\n","protected":false},"excerpt":{"rendered":"<p>Pour votre information, la journ\u00e9e d&rsquo;immersion au coll\u00e8ge pour la classe de CM1-CM2 aura lieu le jeudi 23 mai 2024 de 9h30 \u00e0 15h00. Les \u00e9l\u00e8ves partiront de l&rsquo;\u00e9cole \u00e0 9h00 de l&rsquo;\u00e9cole en bus et pourront d\u00e9jeuner au coll\u00e8ge. Des informations pr\u00e9cises et une demande autorisation parentale (hors temps scolaire de 12h00 -13h50) seront [&hellip;]<\/p>\n","protected":false},"author":1,"featured_media":0,"comment_status":"closed","ping_status":"closed","sticky":false,"template":"","format":"standard","meta":{"ngg_post_thumbnail":0,"footnotes":""},"categories":[36,58],"tags":[],"_links":{"self":[{"href":"https:\/\/sitetab3.ac-reims.fr\/ec-hannogne-st-remy\/-wp-\/wp-json\/wp\/v2\/posts\/4605"}],"collection":[{"href":"https:\/\/sitetab3.ac-reims.fr\/ec-hannogne-st-remy\/-wp-\/wp-json\/wp\/v2\/posts"}],"about":[{"href":"https:\/\/sitetab3.ac-reims.fr\/ec-hannogne-st-remy\/-wp-\/wp-json\/wp\/v2\/types\/post"}],"author":[{"embeddable":true,"href":"https:\/\/sitetab3.ac-reims.fr\/ec-hannogne-st-remy\/-wp-\/wp-json\/wp\/v2\/users\/1"}],"replies":[{"embeddable":true,"href":"https:\/\/sitetab3.ac-reims.fr\/ec-hannogne-st-remy\/-wp-\/wp-json\/wp\/v2\/comments?post=4605"}],"version-history":[{"count":1,"href":"https:\/\/sitetab3.ac-reims.fr\/ec-hannogne-st-remy\/-wp-\/wp-json\/wp\/v2\/posts\/4605\/revisions"}],"predecessor-version":[{"id":4607,"href":"https:\/\/sitetab3.ac-reims.fr\/ec-hannogne-st-remy\/-wp-\/wp-json\/wp\/v2\/posts\/4605\/revisions\/4607"}],"wp:attachment":[{"href":"https:\/\/sitetab3.ac-reims.fr\/ec-hannogne-st-remy\/-wp-\/wp-json\/wp\/v2\/media?parent=4605"}],"wp:term":[{"taxonomy":"category","embeddable":true,"href":"https:\/\/sitetab3.ac-reims.fr\/ec-hannogne-st-remy\/-wp-\/wp-json\/wp\/v2\/categories?post=4605"},{"taxonomy":"post_tag","embeddable":true,"href":"https:\/\/sitetab3.ac-reims.fr\/ec-hannogne-st-remy\/-wp-\/wp-json\/wp\/v2\/tags?post=4605"}],"curies":[{"name":"wp","href":"https:\/\/api.w.org\/{rel}","templated":true}]}}