{"id":4717,"date":"2024-03-13T15:13:02","date_gmt":"2024-03-13T14:13:02","guid":{"rendered":"https:\/\/sitetab3.ac-reims.fr\/ec-hannogne-st-remy\/-wp-\/?p=4717"},"modified":"2024-03-13T19:13:14","modified_gmt":"2024-03-13T18:13:14","slug":"section-internationale-allemand","status":"publish","type":"post","link":"https:\/\/sitetab3.ac-reims.fr\/ec-hannogne-st-remy\/-wp-\/section-internationale-allemand\/","title":{"rendered":"Section Internationale Allemand"},"content":{"rendered":"\n<p>Une r\u00e9union d&rsquo;information \u00e0 destination des familles, concernant la <strong>section internationale Allemand<\/strong>,&nbsp; aura lieu au coll\u00e8ge Roger Salengro, \u00e0 Charleville M\u00e9zi\u00e8res&nbsp;<br><\/p>\n\n\n\n<p><strong>&nbsp;le mardi 18 mars 2024 \u00e0 17h30<\/strong><\/p>\n\n\n\n<p>Les \u00e9l\u00e8ves qui entreront en 6\u00e8me \u00e0 la rentr\u00e9e 2024 peuvent candidater (les pr\u00e9requis en langue allemande ne sont pas n\u00e9cessaires).<br>Voici le calendrier&nbsp; \u00e0 retenir:&nbsp;<br>Lundi 18 mars \u00e0 17:30 : R\u00e9union d&rsquo;informations aux familles au coll\u00e8ge Roger Salengro \u00e0 Charleville M\u00e9zi\u00e8res<br>Mardi 26 mars : date limite d&rsquo;envoi des dossiers de candidature par les \u00e9coles primaires<br>Mercredis 3 et 10 avril : Entretiens de candidature avec les familles<br>Courant mai : notification aux familles<\/p>\n\n\n\n<p>Si vous \u00eates int\u00e9ress\u00e9s par cette section pour votre enfant, n&rsquo;h\u00e9sitez pas \u00e0 revenir vers la directrice de l&rsquo;\u00e9cole rapidement afin de constituer un dossier de candidature, merci<\/p>\n\n\n<p><a href=\"http:\/\/sitetab3.ac-reims.fr\/ec-hannogne-st-remy\/-wp-\/wp-content\/uploads\/Section-internationale-allemand.pdf\">Section-internationale-allemand<\/a><\/p>","protected":false},"excerpt":{"rendered":"<p>Une r\u00e9union d&rsquo;information \u00e0 destination des familles, concernant la section internationale Allemand,&nbsp; aura lieu au coll\u00e8ge Roger Salengro, \u00e0 Charleville M\u00e9zi\u00e8res&nbsp; &nbsp;le mardi 18 mars 2024 \u00e0 17h30 Les \u00e9l\u00e8ves qui entreront en 6\u00e8me \u00e0 la rentr\u00e9e 2024 peuvent candidater (les pr\u00e9requis en langue allemande ne sont pas n\u00e9cessaires).Voici le calendrier&nbsp; \u00e0 retenir:&nbsp;Lundi 18 mars [&hellip;]<\/p>\n","protected":false},"author":1,"featured_media":0,"comment_status":"closed","ping_status":"closed","sticky":false,"template":"","format":"standard","meta":{"ngg_post_thumbnail":0,"footnotes":""},"categories":[36,58],"tags":[],"_links":{"self":[{"href":"https:\/\/sitetab3.ac-reims.fr\/ec-hannogne-st-remy\/-wp-\/wp-json\/wp\/v2\/posts\/4717"}],"collection":[{"href":"https:\/\/sitetab3.ac-reims.fr\/ec-hannogne-st-remy\/-wp-\/wp-json\/wp\/v2\/posts"}],"about":[{"href":"https:\/\/sitetab3.ac-reims.fr\/ec-hannogne-st-remy\/-wp-\/wp-json\/wp\/v2\/types\/post"}],"author":[{"embeddable":true,"href":"https:\/\/sitetab3.ac-reims.fr\/ec-hannogne-st-remy\/-wp-\/wp-json\/wp\/v2\/users\/1"}],"replies":[{"embeddable":true,"href":"https:\/\/sitetab3.ac-reims.fr\/ec-hannogne-st-remy\/-wp-\/wp-json\/wp\/v2\/comments?post=4717"}],"version-history":[{"count":2,"href":"https:\/\/sitetab3.ac-reims.fr\/ec-hannogne-st-remy\/-wp-\/wp-json\/wp\/v2\/posts\/4717\/revisions"}],"predecessor-version":[{"id":4720,"href":"https:\/\/sitetab3.ac-reims.fr\/ec-hannogne-st-remy\/-wp-\/wp-json\/wp\/v2\/posts\/4717\/revisions\/4720"}],"wp:attachment":[{"href":"https:\/\/sitetab3.ac-reims.fr\/ec-hannogne-st-remy\/-wp-\/wp-json\/wp\/v2\/media?parent=4717"}],"wp:term":[{"taxonomy":"category","embeddable":true,"href":"https:\/\/sitetab3.ac-reims.fr\/ec-hannogne-st-remy\/-wp-\/wp-json\/wp\/v2\/categories?post=4717"},{"taxonomy":"post_tag","embeddable":true,"href":"https:\/\/sitetab3.ac-reims.fr\/ec-hannogne-st-remy\/-wp-\/wp-json\/wp\/v2\/tags?post=4717"}],"curies":[{"name":"wp","href":"https:\/\/api.w.org\/{rel}","templated":true}]}}