{"id":4728,"date":"2024-03-17T16:12:14","date_gmt":"2024-03-17T15:12:14","guid":{"rendered":"https:\/\/sitetab3.ac-reims.fr\/ec-hannogne-st-remy\/-wp-\/?p=4728"},"modified":"2024-03-31T09:41:31","modified_gmt":"2024-03-31T07:41:31","slug":"sorties-scolaires-de-fin-dannee","status":"publish","type":"post","link":"https:\/\/sitetab3.ac-reims.fr\/ec-hannogne-st-remy\/-wp-\/sorties-scolaires-de-fin-dannee\/","title":{"rendered":"Sorties scolaires de fin d&rsquo;ann\u00e9e"},"content":{"rendered":"\n<p>Merci de prendre connaissance des dates des sorties scolaires pr\u00e9vues avec pique-nique afin de ne pas effectuer de commande pour la cantine scolaire.<\/p>\n\n\n\n<p>Merci de penser, \u00e9galement, \u00e0 fournir les attestations d&rsquo;assurance si cela n&rsquo;a pas encore \u00e9t\u00e9 fait. Pour rappel, l&rsquo;assurance scolaire est <strong>exig\u00e9e<\/strong> pour les <strong>activit\u00e9s facultatives<\/strong> organis\u00e9es par l&rsquo;\u00e9tablissement (sorties d\u00e9bordant le temps scolaire comprenant le temps de midi et\/ou un d\u00e9part et arriv\u00e9e avant les horaires habituels de classe ). Le contrat d&rsquo;assurance doit comporter les deux garanties suivantes.<\/p>\n\n\n\n<ul><li>La garantie responsabilit\u00e9 civile couvre les dommages <strong>caus\u00e9s<\/strong> par l&rsquo;enfant<\/li><li>La <strong>garantie accident corporel<\/strong> couvre pour les dommages <strong>subis<\/strong> par l&rsquo;enfant, y compris s&rsquo;il se blesse lui-m\u00eame.<\/li><\/ul>\n\n\n\n<p>&#8211;<strong>Jeudi 23 mai<\/strong> : sortie au coll\u00e8ge multisite de Ch\u00e2teau-Porcien pour la classe de CM1-CM2 (repas sur place)<\/p>\n\n\n\n<p>&#8211;<strong>Jeudi 13 juin<\/strong> : sortie au mus\u00e9e de l&rsquo;\u00e9cole d&rsquo;hier \u00e0 l&rsquo;Echelle pour la classe de CM1-CM2 et la classe de CE1-CE2 (pique-nique \u00e0 pr\u00e9voir)<\/p>\n\n\n\n<p>&#8211;<strong>Jeudi 20 juin<\/strong> : sortie au Parc Argonne D\u00e9couverte pour la classe de maternelle et la classe de CP-CE1 (pique-nique \u00e0 pr\u00e9voir)<\/p>\n\n\n\n<p>&#8211;<strong>Mardi 2 juillet<\/strong> : sortie \u00e0 Rethel \u00e0 la salle Atmosph\u00e8re \u00ab\u00a0r\u00e9p\u00e9tition de la chorale\u00a0\u00bb (spectacle le soir avec les familles) pour la classe de CM1-CM2,  la classe de CE1-CE2 et les \u00e9l\u00e8ves de niveau de CE1 de la classe de Mme Bailly. Les \u00e9l\u00e8ves de CP ne sont pas concern\u00e9s (pique-nique \u00e0 pr\u00e9voir).<\/p>\n\n\n\n<p>Toutes ces sorties d\u00e9bordent du temps habituel de classe, l&rsquo;assurance comprenant les deux garanties est donc exig\u00e9e, merci de votre compr\u00e9hension.<\/p>\n","protected":false},"excerpt":{"rendered":"<p>Merci de prendre connaissance des dates des sorties scolaires pr\u00e9vues avec pique-nique afin de ne pas effectuer de commande pour la cantine scolaire. Merci de penser, \u00e9galement, \u00e0 fournir les attestations d&rsquo;assurance si cela n&rsquo;a pas encore \u00e9t\u00e9 fait. Pour rappel, l&rsquo;assurance scolaire est exig\u00e9e pour les activit\u00e9s facultatives organis\u00e9es par l&rsquo;\u00e9tablissement (sorties d\u00e9bordant le [&hellip;]<\/p>\n","protected":false},"author":1,"featured_media":0,"comment_status":"closed","ping_status":"closed","sticky":false,"template":"","format":"standard","meta":{"ngg_post_thumbnail":0,"footnotes":""},"categories":[36,56,58,52,65],"tags":[],"_links":{"self":[{"href":"https:\/\/sitetab3.ac-reims.fr\/ec-hannogne-st-remy\/-wp-\/wp-json\/wp\/v2\/posts\/4728"}],"collection":[{"href":"https:\/\/sitetab3.ac-reims.fr\/ec-hannogne-st-remy\/-wp-\/wp-json\/wp\/v2\/posts"}],"about":[{"href":"https:\/\/sitetab3.ac-reims.fr\/ec-hannogne-st-remy\/-wp-\/wp-json\/wp\/v2\/types\/post"}],"author":[{"embeddable":true,"href":"https:\/\/sitetab3.ac-reims.fr\/ec-hannogne-st-remy\/-wp-\/wp-json\/wp\/v2\/users\/1"}],"replies":[{"embeddable":true,"href":"https:\/\/sitetab3.ac-reims.fr\/ec-hannogne-st-remy\/-wp-\/wp-json\/wp\/v2\/comments?post=4728"}],"version-history":[{"count":4,"href":"https:\/\/sitetab3.ac-reims.fr\/ec-hannogne-st-remy\/-wp-\/wp-json\/wp\/v2\/posts\/4728\/revisions"}],"predecessor-version":[{"id":4799,"href":"https:\/\/sitetab3.ac-reims.fr\/ec-hannogne-st-remy\/-wp-\/wp-json\/wp\/v2\/posts\/4728\/revisions\/4799"}],"wp:attachment":[{"href":"https:\/\/sitetab3.ac-reims.fr\/ec-hannogne-st-remy\/-wp-\/wp-json\/wp\/v2\/media?parent=4728"}],"wp:term":[{"taxonomy":"category","embeddable":true,"href":"https:\/\/sitetab3.ac-reims.fr\/ec-hannogne-st-remy\/-wp-\/wp-json\/wp\/v2\/categories?post=4728"},{"taxonomy":"post_tag","embeddable":true,"href":"https:\/\/sitetab3.ac-reims.fr\/ec-hannogne-st-remy\/-wp-\/wp-json\/wp\/v2\/tags?post=4728"}],"curies":[{"name":"wp","href":"https:\/\/api.w.org\/{rel}","templated":true}]}}