{"id":474,"date":"2021-01-01T15:30:00","date_gmt":"2021-01-01T14:30:00","guid":{"rendered":"http:\/\/sitetab3.ac-reims.fr\/ec-hannogne-st-remy\/-wp-\/?p=474"},"modified":"2021-05-23T15:44:52","modified_gmt":"2021-05-23T13:44:52","slug":"se-rendre-sur-le-site-de-la-communaute-de-communes-du-pays-rethelois","status":"publish","type":"post","link":"https:\/\/sitetab3.ac-reims.fr\/ec-hannogne-st-remy\/-wp-\/se-rendre-sur-le-site-de-la-communaute-de-communes-du-pays-rethelois\/","title":{"rendered":"Se rendre sur le site de la Communaut\u00e9 de communes du pays reth\u00e9lois"},"content":{"rendered":"\n<p><span style=\"background-color: #3366ff;\"><a style=\"background-color: #3366ff;\" href=\"http:\/\/cdc-pays-rethelois.portail-defi.net\/\" target=\"_blank\" rel=\"noopener noreferrer\"><span style=\"color: #ffffff;\">Site du portail famille<\/span><\/a>&nbsp;<\/span> : espace pour g\u00e9rer &nbsp;les\u202finscriptions et r\u00e8glements p\u00e9riscolaires et extrascolaires&nbsp; : restauration, accueil p\u00e9riscolaire du matin et du soir, Temps d&rsquo;Activit\u00e9s P\u00e9ri-\u00e9ducatifs, mercredis loisir, accueils de loisirs \u00e9t\u00e9.<\/p>\n<p><span style=\"background-color: #3366ff; color: #ffffff;\"><a style=\"background-color: #3366ff; color: #ffffff;\" href=\"https:\/\/www.paysrethelois.fr\/\" target=\"_blank\" rel=\"noopener noreferrer\">Site de la Communaut\u00e9 de communes Pays reth\u00e9lois<\/a>&nbsp;<\/span><\/p>\n<table class=\"table\" border=\"0\" width=\"666\" cellspacing=\"1\" cellpadding=\"1\">\n<tbody>\n<tr>\n<td><strong>MAISON-RELAIS<\/strong><br>CH\u00c2TEAU-PORCIEN<br>2 RUE DE LA BARRE<\/td>\n<td>Lundi : 08h30-12h00 \/ 13h30-17h30<br>Mardi : 08h30-10h00 \/ 13h30-17h30<br>Mercredi : 08h30-12h00<br>Jeudi : 08h30-10h00&nbsp;<br>Vendredi : 08h30-12h00 \/ 13h30-17h0<\/td>\n<\/tr>\n<\/tbody>\n<\/table>\n<pre><br><span style=\"text-decoration: underline;\">Service p\u00e9riscolaire \u00e0 Hannogne Saint R\u00e9my<\/span> :<br><br>-Accueil avant et apr\u00e8s la classe <br>-Service de restauration<br><br>Madame Isabelle Valeyre est la directrice du p\u00e9riscolaire<br>\u00e0 Hannogne Saint R\u00e9my, vous pouvez la contacter par t\u00e9l\u00e9phone <br>si n\u00e9cessaire.<\/pre>\n<p>&nbsp;<\/p>\n","protected":false},"excerpt":{"rendered":"","protected":false},"author":1,"featured_media":0,"comment_status":"open","ping_status":"open","sticky":false,"template":"","format":"standard","meta":{"ngg_post_thumbnail":0,"footnotes":""},"categories":[46],"tags":[],"_links":{"self":[{"href":"https:\/\/sitetab3.ac-reims.fr\/ec-hannogne-st-remy\/-wp-\/wp-json\/wp\/v2\/posts\/474"}],"collection":[{"href":"https:\/\/sitetab3.ac-reims.fr\/ec-hannogne-st-remy\/-wp-\/wp-json\/wp\/v2\/posts"}],"about":[{"href":"https:\/\/sitetab3.ac-reims.fr\/ec-hannogne-st-remy\/-wp-\/wp-json\/wp\/v2\/types\/post"}],"author":[{"embeddable":true,"href":"https:\/\/sitetab3.ac-reims.fr\/ec-hannogne-st-remy\/-wp-\/wp-json\/wp\/v2\/users\/1"}],"replies":[{"embeddable":true,"href":"https:\/\/sitetab3.ac-reims.fr\/ec-hannogne-st-remy\/-wp-\/wp-json\/wp\/v2\/comments?post=474"}],"version-history":[{"count":6,"href":"https:\/\/sitetab3.ac-reims.fr\/ec-hannogne-st-remy\/-wp-\/wp-json\/wp\/v2\/posts\/474\/revisions"}],"predecessor-version":[{"id":482,"href":"https:\/\/sitetab3.ac-reims.fr\/ec-hannogne-st-remy\/-wp-\/wp-json\/wp\/v2\/posts\/474\/revisions\/482"}],"wp:attachment":[{"href":"https:\/\/sitetab3.ac-reims.fr\/ec-hannogne-st-remy\/-wp-\/wp-json\/wp\/v2\/media?parent=474"}],"wp:term":[{"taxonomy":"category","embeddable":true,"href":"https:\/\/sitetab3.ac-reims.fr\/ec-hannogne-st-remy\/-wp-\/wp-json\/wp\/v2\/categories?post=474"},{"taxonomy":"post_tag","embeddable":true,"href":"https:\/\/sitetab3.ac-reims.fr\/ec-hannogne-st-remy\/-wp-\/wp-json\/wp\/v2\/tags?post=474"}],"curies":[{"name":"wp","href":"https:\/\/api.w.org\/{rel}","templated":true}]}}