{"id":4765,"date":"2024-03-24T00:10:58","date_gmt":"2024-03-23T23:10:58","guid":{"rendered":"https:\/\/sitetab3.ac-reims.fr\/ec-hannogne-st-remy\/-wp-\/?p=4765"},"modified":"2024-05-03T11:19:39","modified_gmt":"2024-05-03T09:19:39","slug":"suivi-du-parcours-de-sante-par-linfirmiere-scolaire-pour-les-eleves-de-gs-et-cp","status":"publish","type":"post","link":"https:\/\/sitetab3.ac-reims.fr\/ec-hannogne-st-remy\/-wp-\/suivi-du-parcours-de-sante-par-linfirmiere-scolaire-pour-les-eleves-de-gs-et-cp\/","title":{"rendered":"Suivi du parcours de sant\u00e9 par l&rsquo;infirmi\u00e8re scolaire pour les \u00e9l\u00e8ves de GS et CP"},"content":{"rendered":"\n<figure class=\"wp-block-image size-full is-resized\"><img loading=\"lazy\" decoding=\"async\" src=\"https:\/\/sitetab3.ac-reims.fr\/ec-hannogne-st-remy\/-wp-\/wp-content\/uploads\/image-13.png\" alt=\"\" class=\"wp-image-4766\" width=\"56\" height=\"156\" srcset=\"https:\/\/sitetab3.ac-reims.fr\/ec-hannogne-st-remy\/-wp-\/wp-content\/uploads\/image-13.png 203w, https:\/\/sitetab3.ac-reims.fr\/ec-hannogne-st-remy\/-wp-\/wp-content\/uploads\/image-13-107x300.png 107w\" sizes=\"(max-width: 56px) 100vw, 56px\" \/><\/figure>\n\n\n\n<p>Dans le cadre du suivi du parcours de sant\u00e9 de l&rsquo;\u00e9l\u00e8ve, la visite m\u00e9dicale r\u00e9alis\u00e9e au cours de la 6<sup>e<\/sup> ann\u00e9e de l&rsquo;enfant, en grande section de maternelle ou en CP aura lieu le <strong>mardi 2 avril 2024.<\/strong> Ce bilan sera r\u00e9alis\u00e9 par Mme Luong, infirmi\u00e8re scolaire. Les \u00e9l\u00e8ves concern\u00e9s ont re\u00e7u un courrier informatif. <\/p>\n\n\n\n<p>L&rsquo;objectif est d&rsquo;\u00e9tablir un bilan de sant\u00e9 de l&rsquo;enfant et de rep\u00e9rer les signes qui peuvent entra\u00eener des difficult\u00e9s d\u2019apprentissage\u00a0: probl\u00e8mes visuels, auditifs ou troubles du langage.<\/p>\n","protected":false},"excerpt":{"rendered":"<p>Dans le cadre du suivi du parcours de sant\u00e9 de l&rsquo;\u00e9l\u00e8ve, la visite m\u00e9dicale r\u00e9alis\u00e9e au cours de la 6e ann\u00e9e de l&rsquo;enfant, en grande section de maternelle ou en CP aura lieu le mardi 2 avril 2024. Ce bilan sera r\u00e9alis\u00e9 par Mme Luong, infirmi\u00e8re scolaire. Les \u00e9l\u00e8ves concern\u00e9s ont re\u00e7u un courrier informatif. [&hellip;]<\/p>\n","protected":false},"author":1,"featured_media":0,"comment_status":"closed","ping_status":"closed","sticky":false,"template":"","format":"standard","meta":{"ngg_post_thumbnail":0,"footnotes":""},"categories":[36,52,65],"tags":[],"_links":{"self":[{"href":"https:\/\/sitetab3.ac-reims.fr\/ec-hannogne-st-remy\/-wp-\/wp-json\/wp\/v2\/posts\/4765"}],"collection":[{"href":"https:\/\/sitetab3.ac-reims.fr\/ec-hannogne-st-remy\/-wp-\/wp-json\/wp\/v2\/posts"}],"about":[{"href":"https:\/\/sitetab3.ac-reims.fr\/ec-hannogne-st-remy\/-wp-\/wp-json\/wp\/v2\/types\/post"}],"author":[{"embeddable":true,"href":"https:\/\/sitetab3.ac-reims.fr\/ec-hannogne-st-remy\/-wp-\/wp-json\/wp\/v2\/users\/1"}],"replies":[{"embeddable":true,"href":"https:\/\/sitetab3.ac-reims.fr\/ec-hannogne-st-remy\/-wp-\/wp-json\/wp\/v2\/comments?post=4765"}],"version-history":[{"count":2,"href":"https:\/\/sitetab3.ac-reims.fr\/ec-hannogne-st-remy\/-wp-\/wp-json\/wp\/v2\/posts\/4765\/revisions"}],"predecessor-version":[{"id":4863,"href":"https:\/\/sitetab3.ac-reims.fr\/ec-hannogne-st-remy\/-wp-\/wp-json\/wp\/v2\/posts\/4765\/revisions\/4863"}],"wp:attachment":[{"href":"https:\/\/sitetab3.ac-reims.fr\/ec-hannogne-st-remy\/-wp-\/wp-json\/wp\/v2\/media?parent=4765"}],"wp:term":[{"taxonomy":"category","embeddable":true,"href":"https:\/\/sitetab3.ac-reims.fr\/ec-hannogne-st-remy\/-wp-\/wp-json\/wp\/v2\/categories?post=4765"},{"taxonomy":"post_tag","embeddable":true,"href":"https:\/\/sitetab3.ac-reims.fr\/ec-hannogne-st-remy\/-wp-\/wp-json\/wp\/v2\/tags?post=4765"}],"curies":[{"name":"wp","href":"https:\/\/api.w.org\/{rel}","templated":true}]}}