{"id":5051,"date":"2024-06-27T13:41:48","date_gmt":"2024-06-27T11:41:48","guid":{"rendered":"https:\/\/sitetab3.ac-reims.fr\/ec-hannogne-st-remy\/-wp-\/?p=5051"},"modified":"2024-06-27T13:46:00","modified_gmt":"2024-06-27T11:46:00","slug":"compte-rendu-3eme-conseil-decole-pierre-cochart-hannogne-st-remy","status":"publish","type":"post","link":"https:\/\/sitetab3.ac-reims.fr\/ec-hannogne-st-remy\/-wp-\/compte-rendu-3eme-conseil-decole-pierre-cochart-hannogne-st-remy\/","title":{"rendered":"Compte -rendu 3\u00e8me conseil d\u2019\u00e9cole Pierre Cochart \u2013Hannogne ST R\u00e9my"},"content":{"rendered":"\n<p><em>Ann\u00e9e scolaire 2023-2024<\/em><\/p>\n\n\n\n<p><strong>Jeudi 13 juin 2024 de 18h00 \u00e0 20h00<\/strong><\/p>\n\n\n\n<p><strong><u>Personnes pr\u00e9sentes&nbsp;:<\/u><\/strong><\/p>\n\n\n\n<p>-Les repr\u00e9sentantes \u00e9lues des parents d\u2019\u00e9l\u00e8ves&nbsp;: Mesdames PORTEAU (enfant en classe de CM2), MARTIN (enfant en classe de CM2), CARVALHO (enfant en classe de CP),<\/p>\n\n\n\n<p>-Les enseignantes, Mme HOSSON, enseignante de la classe de CE1-CE2, Mme BAILLY enseignante de la classe de CP-CE1, Madame BARRAS, enseignante de la classe CM1-CM2, Mme GUERLOT enseignante de la classe de PS-MS-GS et directrice de l\u2019\u00e9cole.<\/p>\n\n\n\n<p>Madame MAILLOT, Elue de la communaut\u00e9 du Pays reth\u00e9lois d\u00e9sign\u00e9e pour participer aux conseils d\u2019\u00e9cole de Hannogne ST R\u00e9my,<\/p>\n\n\n\n<p>Monsieur CARRE, maire de la commune de Banogne Recouvrance, Monsieur GERARD, Maire de la commune de Hannogne St R\u00e9my<\/p>\n\n\n<p><!--more--><\/p>\n\n\n<p><strong><u>Absents excus\u00e9s<\/u><\/strong>&nbsp;:<\/p>\n\n\n\n<p>Monsieur L\u2019inspecteur de l\u2019Education nationale de la circonscription de Rethel<\/p>\n\n\n\n<p>Madame FLEITER, Maire de la commune de Saint Quentin Le Petit<\/p>\n\n\n\n<p>Monsieur GUIRSCH, maire de la commune de S\u00e9vigny Waleppe,<\/p>\n\n\n\n<p>M.FOURNY, maire de Seraincourt<\/p>\n\n\n\n<p>Monsieur JENIN, D\u00e9l\u00e9gu\u00e9 D\u00e9partemental de l\u2019Education Nationale (DDEN), nomm\u00e9 par l\u2019Inspecteur d\u2019Acad\u00e9mie des Ardennes.<\/p>\n\n\n\n<p>Monsieur DUTHIE, enseignant qui effectue la d\u00e9charge de direction de la directrice le jeudi et le compl\u00e9ment de service le lundi dans la classe de CM1-CM2<\/p>\n\n\n\n<p>Mme GAILLANT, (enfant en classe de CE1 et CM2) repr\u00e9sentante suppl\u00e9ante \u00e9lue remplace M PRIOUX qui n\u2019a plus ses enfants scolaris\u00e9s dans l\u2019\u00e9cole.<\/p>\n\n\n\n<p>Mme PERRIN Florence, enseignante rempla\u00e7ante<\/p>\n\n\n\n<ul><li>R\u00e9partition p\u00e9dagogique et effectifs pour la rentr\u00e9e 2024- mouvement de l\u2019\u00e9quipe enseignante<\/li><\/ul>\n\n\n\n<p>4 classes<\/p>\n\n\n\n<p>PS-MS-GS&nbsp;: 4-9-6&nbsp;&nbsp;&nbsp; CP-CE1&nbsp;: 4-7&nbsp;&nbsp;&nbsp; CE2-CM1&nbsp;: 12-8&nbsp;&nbsp;&nbsp; CM2&nbsp;: 18,&nbsp; &nbsp;total de 68 \u00e9l\u00e8ves<\/p>\n\n\n\n<p>All\u00e8gement de service renouvel\u00e9 pour Mme Barras<\/p>\n\n\n\n<p>Mme Hosson sera en formation de la rentr\u00e9e de septembre aux vacances de printemps et donc remplac\u00e9e<\/p>\n\n\n\n<p>Mme Ganchegui en attente d\u2019affection<\/p>\n\n\n\n<p>Mme Boudsocq en attente d\u2019affectation<\/p>\n\n\n\n<ul><li>Bilan des exercices de s\u00e9curit\u00e9<\/li><\/ul>\n\n\n\n<p>PPMS&nbsp;: l\u2019exercice PPMS temp\u00eate a eu lieu jeudi 18 avril \u00e0 10h00&nbsp;: RAS<\/p>\n\n\n\n<p>Un dernier exercice d\u2019\u00e9vacuation incendie devrait avoir lieu en fin d\u2019ann\u00e9e avec la pr\u00e9sence si possible des pompiers.<\/p>\n\n\n\n<p>PMI pour 3 \u00e9l\u00e8ves de PS&nbsp;: jeudi 27\/06<\/p>\n\n\n\n<ul><li>Bilan de l\u2019\u00e9valuation d\u2019\u00e9cole \u2013 visite des \u00e9valuateurs externes<\/li><\/ul>\n\n\n\n<p>A eu lieu le lundi 6 mai apr\u00e8s-midi \u00e0 Hannogne la visite de l&rsquo;\u00e9quipe d&rsquo;\u00e9valuateurs externes qui est compos\u00e9e de Fr\u00e9d\u00e9ric Schwindt, Inspecteur de l&rsquo;Education Nationale Adjoint de l&rsquo;IA-DASEN charg\u00e9 du 1er degr\u00e9, Mme Lubin, directrice de l&rsquo;\u00e9cole d&rsquo;application Flandres de Charleville-M\u00e9zi\u00e8res, M. Tinant, directeur de l&rsquo;\u00e9cole Citadelle de Charleville-M\u00e9zi\u00e8res, Mme Agn\u00e8s Poulain, CPA-IEN.<\/p>\n\n\n\n<p>En attente du compte-rendu r\u00e9alis\u00e9 par l\u2019\u00e9quipe d\u2019\u00e9valuateurs externes<br><br><\/p>\n\n\n\n<ul><li>Bilan des diff\u00e9rentes actions p\u00e9dagogiques men\u00e9es au cours du trimestre.&nbsp;<\/li><li>Intervention de la gendarmerie&nbsp;pour une action autour des r\u00e8gles \u00e9l\u00e9mentaires de civilit\u00e9, responsabilit\u00e9 et vigilance pour les \u00e9l\u00e8ves du CP au CM2 (contenu adapt\u00e9 en fonction du niveau) : lundi 25 mars 2024 de 9h00 \u00e0 10h00<\/li><li>Sensibilisation \u00e0 l\u2019environnement et biodiversit\u00e9 pour les \u00e9l\u00e8ves PS-MS-GS et CP-CE1-CE2&nbsp;: animation faite par Mme Porteau sur deux demi-journ\u00e9es les lundi 3 et mardi 4 juin.<\/li><li>J<strong>eudi 13 juin<\/strong> : sortie au mus\u00e9e de l\u2019\u00e9cole d\u2019hier \u00e0 l\u2019Echelle pour la classe de CM1-CM2 et la classe de CE1-CE2<\/li><li><strong>Jeudi 20 juin<\/strong> : sortie au Parc Argonne D\u00e9couverte pour la classe de maternelle et la classe de CP-CE1 (pique-nique \u00e0 pr\u00e9voir)<\/li><li><strong>Mardi 2 juillet<\/strong> : sortie \u00e0 Rethel \u00e0 la salle Atmosph\u00e8re \u201cr\u00e9p\u00e9tition de la chorale\u201d (spectacle le soir avec les familles) pour la classe de CM1-CM2, la classe de CE1-CE2 et les \u00e9l\u00e8ves de niveau de CE1 de la classe de Mme Bailly (pique-nique \u00e0 pr\u00e9voir). Les \u00e9l\u00e8ves de CP ne sont pas concern\u00e9s.<\/li><li>D\u00e9fi du jeune chercheur&nbsp;: la classe de maternelle devait chercher comment faire traverser une rivi\u00e8re \u00e0 un playmobil, les autres classes ont r\u00e9alis\u00e9 un d\u00e9fi transversal (construire une machine de Goldberg). Mme Thiebaux, conseill\u00e8re p\u00e9dagogique sciences \u00e0 la DSDEN, est venue remettre un dipl\u00f4me aux \u00e9l\u00e8ves vendredi 7 juin et 27 juin \u00e0 la classe de CM1-CM2 et CE1-CE2.<\/li><li>Une pi\u00e8ce comm\u00e9morative des Jeux olympiques accompagn\u00e9e d\u2019un livret a \u00e9t\u00e9 offerte aux \u00e9l\u00e8ves du CP au CM2 par l\u2019Etat.<\/li><\/ul>\n\n\n\n<ul><li>Liaison \u00e9cole \u2013 coll\u00e8ge&nbsp;: journ\u00e9e d\u2019immersion au coll\u00e8ge pour la classe de CM1-CM2- inscriptions au coll\u00e8ge<\/li><\/ul>\n\n\n\n<ul><li><strong>Jeudi 23 mai<\/strong> : sortie au coll\u00e8ge multisite de Ch\u00e2teau-Porcien pour la classe de CM1-CM2<\/li><\/ul>\n\n\n\n<p>Les inscriptions en 6\u00e8me se feront cette ann\u00e9e via le Service en Ligne Inscription S.L.I, avec les comptes Educonnect des parents. Le document d&rsquo;informations (en pi\u00e8ce jointe) avec coupon sera \u00e0 renvoyer (par les parents) soit par mail ou soit \u00e0 d\u00e9poser dans la boite aux lettres du coll\u00e8ge (site d&rsquo;Asfeld ou site de Ch\u00e2teau-Porcien) avant ou au plus tard le VENDREDI 21 JUIN.<\/p>\n\n\n\n<p>Remise du livre de fin d\u2019ann\u00e9e offert aux \u00e9l\u00e8ves de CM2&nbsp;: Comme chaque ann\u00e9e, l\u2019op\u00e9ration \u00ab Un livre pour les vacances \u00bb permet \u00e0 tous les \u00e9coliers de CM2 de recevoir une \u0153uvre de la litt\u00e9rature fran\u00e7aise pour les accompagner durant les vacances d\u2019\u00e9t\u00e9. Pour cette \u00e9dition 2024, le r\u00e9cit initiatique <em>L\u2019homme qui plantait des arbres<\/em> de Jean Giono a \u00e9t\u00e9 choisi dans le contexte du changement climatique, afin de sensibiliser mieux encore les \u00e9l\u00e8ves \u00e0 la protection de la nature et d\u00e9velopper leur conscience \u00e9cologique. Le citoyen de demain ne peut se concevoir ind\u00e9pendamment de la nature et de son devenir.<\/p>\n\n\n\n<p><em>Pr\u00e9sence possible des maires ou des \u00e9lus pour la remise du livre \u00ab&nbsp;<\/em><em>L\u2019homme qui plantait des arbres&nbsp;\u00bb<\/em> de Jean Giono (date \u00e0 d\u00e9finir).<\/p>\n\n\n\n<ul><li><a href=\"https:\/\/sitetab3.ac-reims.fr\/ec-hannogne-st-remy\/-wp-\/les-inscriptions-au-transport-scolaire-seront-ouvertes-du-3-juin-2024-au-5-juillet-2024\/\">Les inscriptions en ligne au transport scolaire sont ouvertes du 3 juin 2024 au 5 juillet 2024<\/a> (lien sur le site internet de l\u2019\u00e9cole)<\/li><\/ul>\n\n\n\n<ul><li>Date de remise des acc\u00e8s aux r\u00e9sultats de fin de semestre par le biais du livret num\u00e9rique &#8211; rendez-vous semestriel avec les familles&nbsp;<\/li><\/ul>\n\n\n\n<p>Rendez-vous de fin de semestre propos\u00e9s aux familles du 24 au 28 juin pour les trois classes \u00e9l\u00e9mentaires<\/p>\n\n\n\n<p>Les LSU seront disponibles le 30\/06\/2024<\/p>\n\n\n\n<p>Pour la classe maternelle, rendez-vous demand\u00e9 par l\u2019enseignante si n\u00e9cessaire, le livret d\u2019apprentissage sera remis et \u00e0 rendre \u00e0 l\u2019\u00e9cole au plus tard le 5 juillet.<\/p>\n\n\n\n<ul><li>Pr\u00e9sentation des projets p\u00e9dagogiques pour l\u2019ann\u00e9e 2024-2025&nbsp; (r\u00e9flexion en cours de l\u2019\u00e9quipe)<\/li><\/ul>\n\n\n\n<p>-Valod\u00e9a&nbsp;: 10 septembre pour le tri des d\u00e9chets en CP-CE1<\/p>\n\n\n\n<p>-Visite du site d\u2019enfouissement pour les CE2-CM1-CM2<\/p>\n\n\n\n<p>&nbsp;&nbsp;&nbsp;&nbsp;&nbsp;&nbsp;&nbsp;&nbsp;&nbsp;&nbsp;&nbsp;&nbsp;&nbsp; -Spectacle de fin d\u2019ann\u00e9e&nbsp;: marionnettes Les 3 Chardons<\/p>\n\n\n\n<p>&nbsp;&nbsp;&nbsp;&nbsp;&nbsp;&nbsp;&nbsp;&nbsp;&nbsp;&nbsp;&nbsp;&nbsp;&nbsp; -Poursuite de la chorale&nbsp;<\/p>\n\n\n\n<p>&nbsp;&nbsp;&nbsp;&nbsp;&nbsp;&nbsp;&nbsp;&nbsp;&nbsp;&nbsp;&nbsp; -Class Echec<\/p>\n\n\n\n<ul><li>Validation des comptes de la coop\u00e9rative scolaire \u00e0 la date du 13 juin 2024 (d\u00e9penses&nbsp;: sorties scolaires, achats pour les classes et cr\u00e9dits : cotisations, participation financi\u00e8re des familles aux sorties, paiement des photographies scolaires)<\/li><\/ul>\n\n\n\n<p>3976 euros au 02-05-2024, attention il reste le paiement des diff\u00e9rentes sorties (transport et entr\u00e9es parc \u00e0 d\u00e9duire&nbsp;!)<\/p>\n\n\n\n<p>B\u00e9n\u00e9fice&nbsp;: 276 \u20ac r\u00e9trocession pour les photographies<\/p>\n\n\n\n<ul><li>Point sur la kermesse de l\u2019\u00e9cole organis\u00e9e par l\u2019association des parents d\u2019\u00e9l\u00e8ves et parole \u00e0 l\u2019APE<\/li><\/ul>\n\n\n\n<p>La kermesse de l\u2019\u00e9cole aura lieu le samedi 22 juin 2024.<\/p>\n\n\n\n<ul><li>Point sur l\u2019\u00e9tat des manuels en fin d\u2019ann\u00e9e scolaire&nbsp;: Beaucoup de livres sont d\u00e9t\u00e9rior\u00e9s.<\/li><\/ul>\n\n\n\n<p>Il sera demand\u00e9&nbsp;6 euros pour un livre neuf abim\u00e9 hors usage habituel<\/p>\n\n\n\n<p>Il sera demand\u00e9 4 euros pour un livre non neuf mais fortement abim\u00e9 hors usage habituel<\/p>\n\n\n\n<p>La d\u00e9cision est valid\u00e9e par le conseil d\u2019\u00e9cole.<\/p>\n\n\n\n<ul><li>Projet de demandes de subvention aupr\u00e8s de la Communaut\u00e9 de communes du Pays reth\u00e9lois (en cours)<\/li><\/ul>\n\n\n\n<ul><li>Investissements et travaux demand\u00e9s \u00e0 la Communaut\u00e9 de communes du Pays reth\u00e9lois<\/li><\/ul>\n\n\n\n<p>&nbsp;&nbsp;&nbsp;&nbsp;&nbsp;&nbsp;&nbsp; -El\u00e8ves qui se plaignent de la hauteur des lavabos (trop bas pour les CM)<\/p>\n\n\n\n<p>&nbsp;&nbsp;&nbsp;&nbsp;&nbsp;&nbsp;&nbsp; -Porte d\u2019entr\u00e9e qui pose un probl\u00e8me de s\u00e9curit\u00e9 &nbsp;&nbsp;&nbsp;&nbsp;&nbsp;&nbsp;&nbsp; avec une fermeture non optimale<\/p>\n\n\n\n<p>&nbsp;&nbsp;&nbsp;&nbsp;&nbsp; &#8211; Hangar \u00e0 v\u00e9los&nbsp;: n\u00e9cessit\u00e9 d\u2019effectuer un nettoyage r\u00e9gulier. Des travaux ont \u00e9t\u00e9 effectu\u00e9 afin de permettre &nbsp;&nbsp;<\/p>\n\n\n\n<p>&nbsp;&nbsp;&nbsp;&nbsp;&nbsp;&nbsp;&nbsp; une meilleure \u00e9tanch\u00e9it\u00e9.<\/p>\n\n\n\n<ul><li>Question de l\u2019\u00e9quipe enseignante&nbsp;concernant les travaux de r\u00e9novation de la biblioth\u00e8que (inauguration&nbsp;? quand sera-t-elle fonctionnelle \u2013 est -il pr\u00e9vu un pr\u00eat pour l\u2019\u00e9cole et des animations (pr\u00e9parer une convention d\u00e8s le d\u00e9but d\u2019ann\u00e9e scolaire)<\/li><\/ul>\n\n\n\n<ul><li>Pr\u00e9sentation et validation des listes du mat\u00e9riel de rentr\u00e9e pour chaque classe. Les listes sont valid\u00e9es par le conseil d\u2019\u00e9cole et disponibles sur le site de l\u2019\u00e9cole.<\/li><\/ul>\n\n\n\n<ul><li>Pr\u00e9sentation des modalit\u00e9s de vote pour les \u00e9lections des repr\u00e9sentants des parents d\u2019\u00e9l\u00e8ves au conseil d\u2019\u00e9cole pour l\u2019ann\u00e9e 2024-2025&nbsp;: \u00e0 la majorit\u00e9, reconduction du vote par correspondance.<\/li><\/ul>\n\n\n\n<ul><li>Rappel des proc\u00e9dures pour des absences pr\u00e9visibles<\/li><\/ul>\n\n\n\n<ul><li>Questions diverses&nbsp;: r\u00e9ponses aux questions des parents (celles-ci auront \u00e9t\u00e9 formul\u00e9es et soumises \u00e0 l\u2019\u00e9quipe enseignante au plus tard le mardi 11 juin 2024)<\/li><\/ul>\n\n\n\n<p>Un parent signale des incivilit\u00e9s routi\u00e8res, merci d\u2019\u00eatre tr\u00e8s vigilant sur les r\u00e8gles de s\u00e9curit\u00e9 aux abords de l\u2019\u00e9cole et de fa\u00e7on g\u00e9n\u00e9rale.<\/p>\n\n\n\n<p>&nbsp;&nbsp;&nbsp;&nbsp;&nbsp;&nbsp;&nbsp;&nbsp;&nbsp;&nbsp;&nbsp; Fin de s\u00e9ance \u00e0 20H00<\/p>\n","protected":false},"excerpt":{"rendered":"<p>Ann\u00e9e scolaire 2023-2024 Jeudi 13 juin 2024 de 18h00 \u00e0 20h00 Personnes pr\u00e9sentes&nbsp;: -Les repr\u00e9sentantes \u00e9lues des parents d\u2019\u00e9l\u00e8ves&nbsp;: Mesdames PORTEAU (enfant en classe de CM2), MARTIN (enfant en classe de CM2), CARVALHO (enfant en classe de CP), -Les enseignantes, Mme HOSSON, enseignante de la classe de CE1-CE2, Mme BAILLY enseignante de la classe de [&hellip;]<\/p>\n","protected":false},"author":1,"featured_media":0,"comment_status":"open","ping_status":"closed","sticky":false,"template":"","format":"standard","meta":{"ngg_post_thumbnail":0,"footnotes":""},"categories":[21,36],"tags":[],"_links":{"self":[{"href":"https:\/\/sitetab3.ac-reims.fr\/ec-hannogne-st-remy\/-wp-\/wp-json\/wp\/v2\/posts\/5051"}],"collection":[{"href":"https:\/\/sitetab3.ac-reims.fr\/ec-hannogne-st-remy\/-wp-\/wp-json\/wp\/v2\/posts"}],"about":[{"href":"https:\/\/sitetab3.ac-reims.fr\/ec-hannogne-st-remy\/-wp-\/wp-json\/wp\/v2\/types\/post"}],"author":[{"embeddable":true,"href":"https:\/\/sitetab3.ac-reims.fr\/ec-hannogne-st-remy\/-wp-\/wp-json\/wp\/v2\/users\/1"}],"replies":[{"embeddable":true,"href":"https:\/\/sitetab3.ac-reims.fr\/ec-hannogne-st-remy\/-wp-\/wp-json\/wp\/v2\/comments?post=5051"}],"version-history":[{"count":4,"href":"https:\/\/sitetab3.ac-reims.fr\/ec-hannogne-st-remy\/-wp-\/wp-json\/wp\/v2\/posts\/5051\/revisions"}],"predecessor-version":[{"id":5055,"href":"https:\/\/sitetab3.ac-reims.fr\/ec-hannogne-st-remy\/-wp-\/wp-json\/wp\/v2\/posts\/5051\/revisions\/5055"}],"wp:attachment":[{"href":"https:\/\/sitetab3.ac-reims.fr\/ec-hannogne-st-remy\/-wp-\/wp-json\/wp\/v2\/media?parent=5051"}],"wp:term":[{"taxonomy":"category","embeddable":true,"href":"https:\/\/sitetab3.ac-reims.fr\/ec-hannogne-st-remy\/-wp-\/wp-json\/wp\/v2\/categories?post=5051"},{"taxonomy":"post_tag","embeddable":true,"href":"https:\/\/sitetab3.ac-reims.fr\/ec-hannogne-st-remy\/-wp-\/wp-json\/wp\/v2\/tags?post=5051"}],"curies":[{"name":"wp","href":"https:\/\/api.w.org\/{rel}","templated":true}]}}