{"id":5096,"date":"2024-07-05T11:18:34","date_gmt":"2024-07-05T09:18:34","guid":{"rendered":"https:\/\/sitetab3.ac-reims.fr\/ec-hannogne-st-remy\/-wp-\/?p=5096"},"modified":"2024-07-06T18:35:25","modified_gmt":"2024-07-06T16:35:25","slug":"la-sortie-a-latmosphere","status":"publish","type":"post","link":"https:\/\/sitetab3.ac-reims.fr\/ec-hannogne-st-remy\/-wp-\/la-sortie-a-latmosphere\/","title":{"rendered":"La sortie \u00e0 l&rsquo;Atmosph\u00e8re"},"content":{"rendered":"\n<p>Le mardi 2 juillet 2024, quand nous sommes arriv\u00e9s, nous avons cherch\u00e9 l&rsquo;entr\u00e9e puis nous avons mang\u00e9.<\/p>\n\n\n\n<p>Ensuite, nous avons commenc\u00e9 \u00e0 r\u00e9p\u00e9ter les chants de l&rsquo;op\u00e9ra \u00ab\u00a0L&rsquo;\u00e9vasion\u00a0\u00bb de Julien Joubert avec les \u00e9l\u00e8ves de Saint-Germainmont et les musiciens de l&rsquo;\u00e9cole de musique Agora.<\/p>\n\n\n\n<p>Quand nous avons fini la r\u00e9p\u00e9tition nous sommes rentr\u00e9s \u00e0 l&rsquo;\u00e9cole.<\/p>\n\n\n\n<p>Le soir, nous avons fait le grand spectacle.<\/p>\n\n\n\n<p>Il y avait 600 personnes !<\/p>\n\n\n\n<p>Avant nous, il y avait l&rsquo; \u00ab\u00a0orchestre \u00e0 l&rsquo;\u00e9cole\u00a0\u00bb de Poilcourt-Sydney et la classe ukulele de l&rsquo;\u00e9cole Mermoz.<\/p>\n\n\n\n<p>Un grand merci \u00e0 C\u00e9line, notre professeur de chant cette ann\u00e9e !<\/p>\n\n\n\n<p class=\"has-text-align-right\">Romane<\/p>\n\n\n\n<p><\/p>\n","protected":false},"excerpt":{"rendered":"<p>Le mardi 2 juillet 2024, quand nous sommes arriv\u00e9s, nous avons cherch\u00e9 l&rsquo;entr\u00e9e puis nous avons mang\u00e9. Ensuite, nous avons commenc\u00e9 \u00e0 r\u00e9p\u00e9ter les chants de l&rsquo;op\u00e9ra \u00ab\u00a0L&rsquo;\u00e9vasion\u00a0\u00bb de Julien Joubert avec les \u00e9l\u00e8ves de Saint-Germainmont et les musiciens de l&rsquo;\u00e9cole de musique Agora. Quand nous avons fini la r\u00e9p\u00e9tition nous sommes rentr\u00e9s \u00e0 l&rsquo;\u00e9cole. [&hellip;]<\/p>\n","protected":false},"author":1,"featured_media":0,"comment_status":"open","ping_status":"closed","sticky":false,"template":"","format":"standard","meta":{"ngg_post_thumbnail":0,"footnotes":""},"categories":[36,58],"tags":[],"_links":{"self":[{"href":"https:\/\/sitetab3.ac-reims.fr\/ec-hannogne-st-remy\/-wp-\/wp-json\/wp\/v2\/posts\/5096"}],"collection":[{"href":"https:\/\/sitetab3.ac-reims.fr\/ec-hannogne-st-remy\/-wp-\/wp-json\/wp\/v2\/posts"}],"about":[{"href":"https:\/\/sitetab3.ac-reims.fr\/ec-hannogne-st-remy\/-wp-\/wp-json\/wp\/v2\/types\/post"}],"author":[{"embeddable":true,"href":"https:\/\/sitetab3.ac-reims.fr\/ec-hannogne-st-remy\/-wp-\/wp-json\/wp\/v2\/users\/1"}],"replies":[{"embeddable":true,"href":"https:\/\/sitetab3.ac-reims.fr\/ec-hannogne-st-remy\/-wp-\/wp-json\/wp\/v2\/comments?post=5096"}],"version-history":[{"count":2,"href":"https:\/\/sitetab3.ac-reims.fr\/ec-hannogne-st-remy\/-wp-\/wp-json\/wp\/v2\/posts\/5096\/revisions"}],"predecessor-version":[{"id":5185,"href":"https:\/\/sitetab3.ac-reims.fr\/ec-hannogne-st-remy\/-wp-\/wp-json\/wp\/v2\/posts\/5096\/revisions\/5185"}],"wp:attachment":[{"href":"https:\/\/sitetab3.ac-reims.fr\/ec-hannogne-st-remy\/-wp-\/wp-json\/wp\/v2\/media?parent=5096"}],"wp:term":[{"taxonomy":"category","embeddable":true,"href":"https:\/\/sitetab3.ac-reims.fr\/ec-hannogne-st-remy\/-wp-\/wp-json\/wp\/v2\/categories?post=5096"},{"taxonomy":"post_tag","embeddable":true,"href":"https:\/\/sitetab3.ac-reims.fr\/ec-hannogne-st-remy\/-wp-\/wp-json\/wp\/v2\/tags?post=5096"}],"curies":[{"name":"wp","href":"https:\/\/api.w.org\/{rel}","templated":true}]}}