{"id":5101,"date":"2024-07-06T18:33:43","date_gmt":"2024-07-06T16:33:43","guid":{"rendered":"https:\/\/sitetab3.ac-reims.fr\/ec-hannogne-st-remy\/-wp-\/?p=5101"},"modified":"2024-07-06T18:33:45","modified_gmt":"2024-07-06T16:33:45","slug":"lecole-dhier-a-lechelle","status":"publish","type":"post","link":"https:\/\/sitetab3.ac-reims.fr\/ec-hannogne-st-remy\/-wp-\/lecole-dhier-a-lechelle\/","title":{"rendered":"L&rsquo;\u00e9cole d&rsquo;hier \u00e0 L&rsquo;Echelle"},"content":{"rendered":"\n<p>Le jeudi 13 juin, nous sommes all\u00e9s \u00e0 L&rsquo;Echelle pour visiter l&rsquo;\u00e9cole d&rsquo;autrefois et aussi pour d\u00e9couvrir le village.<\/p>\n\n\n\n<p>Le matin, on est partis visiter le village avec une chasse au tr\u00e9sor et apr\u00e8s on a mang\u00e9 notre pique-nique dans la cour du ch\u00e2teau. Ensuite, on est all\u00e9s dans une classe de l&rsquo;\u00e9cole d&rsquo;autrefois. On a \u00e9crit \u00e0 la plume et enfin on a port\u00e9 des blouses d&rsquo;\u00e9coliers de l&rsquo;\u00e9poque.<\/p>\n\n\n\n<p class=\"has-text-align-right\">Charly <\/p>\n","protected":false},"excerpt":{"rendered":"<p>Le jeudi 13 juin, nous sommes all\u00e9s \u00e0 L&rsquo;Echelle pour visiter l&rsquo;\u00e9cole d&rsquo;autrefois et aussi pour d\u00e9couvrir le village. Le matin, on est partis visiter le village avec une chasse au tr\u00e9sor et apr\u00e8s on a mang\u00e9 notre pique-nique dans la cour du ch\u00e2teau. Ensuite, on est all\u00e9s dans une classe de l&rsquo;\u00e9cole d&rsquo;autrefois. On [&hellip;]<\/p>\n","protected":false},"author":1,"featured_media":0,"comment_status":"open","ping_status":"closed","sticky":false,"template":"","format":"standard","meta":{"ngg_post_thumbnail":0,"footnotes":""},"categories":[36,58],"tags":[],"_links":{"self":[{"href":"https:\/\/sitetab3.ac-reims.fr\/ec-hannogne-st-remy\/-wp-\/wp-json\/wp\/v2\/posts\/5101"}],"collection":[{"href":"https:\/\/sitetab3.ac-reims.fr\/ec-hannogne-st-remy\/-wp-\/wp-json\/wp\/v2\/posts"}],"about":[{"href":"https:\/\/sitetab3.ac-reims.fr\/ec-hannogne-st-remy\/-wp-\/wp-json\/wp\/v2\/types\/post"}],"author":[{"embeddable":true,"href":"https:\/\/sitetab3.ac-reims.fr\/ec-hannogne-st-remy\/-wp-\/wp-json\/wp\/v2\/users\/1"}],"replies":[{"embeddable":true,"href":"https:\/\/sitetab3.ac-reims.fr\/ec-hannogne-st-remy\/-wp-\/wp-json\/wp\/v2\/comments?post=5101"}],"version-history":[{"count":1,"href":"https:\/\/sitetab3.ac-reims.fr\/ec-hannogne-st-remy\/-wp-\/wp-json\/wp\/v2\/posts\/5101\/revisions"}],"predecessor-version":[{"id":5184,"href":"https:\/\/sitetab3.ac-reims.fr\/ec-hannogne-st-remy\/-wp-\/wp-json\/wp\/v2\/posts\/5101\/revisions\/5184"}],"wp:attachment":[{"href":"https:\/\/sitetab3.ac-reims.fr\/ec-hannogne-st-remy\/-wp-\/wp-json\/wp\/v2\/media?parent=5101"}],"wp:term":[{"taxonomy":"category","embeddable":true,"href":"https:\/\/sitetab3.ac-reims.fr\/ec-hannogne-st-remy\/-wp-\/wp-json\/wp\/v2\/categories?post=5101"},{"taxonomy":"post_tag","embeddable":true,"href":"https:\/\/sitetab3.ac-reims.fr\/ec-hannogne-st-remy\/-wp-\/wp-json\/wp\/v2\/tags?post=5101"}],"curies":[{"name":"wp","href":"https:\/\/api.w.org\/{rel}","templated":true}]}}