{"id":5103,"date":"2024-07-05T11:50:42","date_gmt":"2024-07-05T09:50:42","guid":{"rendered":"https:\/\/sitetab3.ac-reims.fr\/ec-hannogne-st-remy\/-wp-\/?p=5103"},"modified":"2024-07-05T11:50:44","modified_gmt":"2024-07-05T09:50:44","slug":"mon-gala-de-danse","status":"publish","type":"post","link":"https:\/\/sitetab3.ac-reims.fr\/ec-hannogne-st-remy\/-wp-\/mon-gala-de-danse\/","title":{"rendered":"Mon gala de danse"},"content":{"rendered":"\n<p>Le dimanche 16 juin 2024, j&rsquo;ai fait mon gala de danse \u00e0 Reims. Je fais du breakdance. Avec mon groupe, nous sommes pass\u00e9s 3e pour la premi\u00e8re partie. Quand nous sommes entr\u00e9s sur sc\u00e8ne, nous stressions tous mais \u00e7a s&rsquo;est bien pass\u00e9. Quand nous sommes descendus, nous avons \u00e9t\u00e9 plac\u00e9s devant la sc\u00e8ne.<\/p>\n\n\n\n<p>Pendant la deuxi\u00e8me partie, nous sommes pass\u00e9s 3e aussi. Nous sommes mont\u00e9s sur sc\u00e8ne, nous sommes pass\u00e9s tous seuls devant 1600 personnes.<\/p>\n\n\n\n<p>C&rsquo;\u00e9tait trop bien !<\/p>\n\n\n\n<p>                                                                                            Ecrit par Matt\u00e9o CM1<\/p>\n","protected":false},"excerpt":{"rendered":"<p>Le dimanche 16 juin 2024, j&rsquo;ai fait mon gala de danse \u00e0 Reims. Je fais du breakdance. Avec mon groupe, nous sommes pass\u00e9s 3e pour la premi\u00e8re partie. Quand nous sommes entr\u00e9s sur sc\u00e8ne, nous stressions tous mais \u00e7a s&rsquo;est bien pass\u00e9. Quand nous sommes descendus, nous avons \u00e9t\u00e9 plac\u00e9s devant la sc\u00e8ne. Pendant la [&hellip;]<\/p>\n","protected":false},"author":1,"featured_media":0,"comment_status":"open","ping_status":"closed","sticky":false,"template":"","format":"standard","meta":{"ngg_post_thumbnail":0,"footnotes":""},"categories":[36,58],"tags":[],"_links":{"self":[{"href":"https:\/\/sitetab3.ac-reims.fr\/ec-hannogne-st-remy\/-wp-\/wp-json\/wp\/v2\/posts\/5103"}],"collection":[{"href":"https:\/\/sitetab3.ac-reims.fr\/ec-hannogne-st-remy\/-wp-\/wp-json\/wp\/v2\/posts"}],"about":[{"href":"https:\/\/sitetab3.ac-reims.fr\/ec-hannogne-st-remy\/-wp-\/wp-json\/wp\/v2\/types\/post"}],"author":[{"embeddable":true,"href":"https:\/\/sitetab3.ac-reims.fr\/ec-hannogne-st-remy\/-wp-\/wp-json\/wp\/v2\/users\/1"}],"replies":[{"embeddable":true,"href":"https:\/\/sitetab3.ac-reims.fr\/ec-hannogne-st-remy\/-wp-\/wp-json\/wp\/v2\/comments?post=5103"}],"version-history":[{"count":1,"href":"https:\/\/sitetab3.ac-reims.fr\/ec-hannogne-st-remy\/-wp-\/wp-json\/wp\/v2\/posts\/5103\/revisions"}],"predecessor-version":[{"id":5108,"href":"https:\/\/sitetab3.ac-reims.fr\/ec-hannogne-st-remy\/-wp-\/wp-json\/wp\/v2\/posts\/5103\/revisions\/5108"}],"wp:attachment":[{"href":"https:\/\/sitetab3.ac-reims.fr\/ec-hannogne-st-remy\/-wp-\/wp-json\/wp\/v2\/media?parent=5103"}],"wp:term":[{"taxonomy":"category","embeddable":true,"href":"https:\/\/sitetab3.ac-reims.fr\/ec-hannogne-st-remy\/-wp-\/wp-json\/wp\/v2\/categories?post=5103"},{"taxonomy":"post_tag","embeddable":true,"href":"https:\/\/sitetab3.ac-reims.fr\/ec-hannogne-st-remy\/-wp-\/wp-json\/wp\/v2\/tags?post=5103"}],"curies":[{"name":"wp","href":"https:\/\/api.w.org\/{rel}","templated":true}]}}