{"id":5416,"date":"2024-10-10T16:43:25","date_gmt":"2024-10-10T14:43:25","guid":{"rendered":"https:\/\/sitetab3.ac-reims.fr\/ec-hannogne-st-remy\/-wp-\/?p=5416"},"modified":"2024-10-10T16:43:26","modified_gmt":"2024-10-10T14:43:26","slug":"1er-conseil-decole-2024-2025","status":"publish","type":"post","link":"https:\/\/sitetab3.ac-reims.fr\/ec-hannogne-st-remy\/-wp-\/1er-conseil-decole-2024-2025\/","title":{"rendered":"1er conseil d&rsquo;\u00e9cole 2024-2025"},"content":{"rendered":"\n<p>Madame, Monsieur,<\/p>\n\n\n\n<p>Je vous informe que le premier conseil d\u2019\u00e9cole aura lieu le <strong>jeudi 7 novembre 2024<\/strong>.<\/p>\n\n\n\n<p>Seront convi\u00e9s \u00e0 ce 1<sup>er<\/sup> conseil d\u2019\u00e9cole les repr\u00e9sentants des parents d\u2019\u00e9l\u00e8ves \u00e9lus par vos soins le 11\/10\/2024.<\/p>\n\n\n\n<p>Ne peuvent \u00eatre abord\u00e9s au conseil que les points annonc\u00e9s dans l\u2019ordre du jour de la r\u00e9union (disponible sur le site internet de l\u2019\u00e9cole) et les questions qui sont d\u00e9pos\u00e9es par les parents directement aupr\u00e8s de la directrice de l\u2019\u00e9cole ou aupr\u00e8s des repr\u00e9sentants des parents d\u2019\u00e9l\u00e8ves.<\/p>\n\n\n\n<p>Les questions doivent \u00eatre d\u00e9pos\u00e9es aupr\u00e8s de la directrice au plus tard le <strong>17 octobre 2024 \u00e0 17h00<\/strong>. Hors d\u00e9lai, vos questions ne seront pas abord\u00e9es lors du conseil d\u2019\u00e9cole, merci de votre compr\u00e9hension.<\/p>\n\n\n\n<p>Mme Guerlot<\/p>\n","protected":false},"excerpt":{"rendered":"<p>Madame, Monsieur, Je vous informe que le premier conseil d\u2019\u00e9cole aura lieu le jeudi 7 novembre 2024. Seront convi\u00e9s \u00e0 ce 1er conseil d\u2019\u00e9cole les repr\u00e9sentants des parents d\u2019\u00e9l\u00e8ves \u00e9lus par vos soins le 11\/10\/2024. Ne peuvent \u00eatre abord\u00e9s au conseil que les points annonc\u00e9s dans l\u2019ordre du jour de la r\u00e9union (disponible sur le [&hellip;]<\/p>\n","protected":false},"author":1,"featured_media":0,"comment_status":"closed","ping_status":"closed","sticky":false,"template":"","format":"standard","meta":{"ngg_post_thumbnail":0,"footnotes":""},"categories":[21,36],"tags":[],"_links":{"self":[{"href":"https:\/\/sitetab3.ac-reims.fr\/ec-hannogne-st-remy\/-wp-\/wp-json\/wp\/v2\/posts\/5416"}],"collection":[{"href":"https:\/\/sitetab3.ac-reims.fr\/ec-hannogne-st-remy\/-wp-\/wp-json\/wp\/v2\/posts"}],"about":[{"href":"https:\/\/sitetab3.ac-reims.fr\/ec-hannogne-st-remy\/-wp-\/wp-json\/wp\/v2\/types\/post"}],"author":[{"embeddable":true,"href":"https:\/\/sitetab3.ac-reims.fr\/ec-hannogne-st-remy\/-wp-\/wp-json\/wp\/v2\/users\/1"}],"replies":[{"embeddable":true,"href":"https:\/\/sitetab3.ac-reims.fr\/ec-hannogne-st-remy\/-wp-\/wp-json\/wp\/v2\/comments?post=5416"}],"version-history":[{"count":1,"href":"https:\/\/sitetab3.ac-reims.fr\/ec-hannogne-st-remy\/-wp-\/wp-json\/wp\/v2\/posts\/5416\/revisions"}],"predecessor-version":[{"id":5417,"href":"https:\/\/sitetab3.ac-reims.fr\/ec-hannogne-st-remy\/-wp-\/wp-json\/wp\/v2\/posts\/5416\/revisions\/5417"}],"wp:attachment":[{"href":"https:\/\/sitetab3.ac-reims.fr\/ec-hannogne-st-remy\/-wp-\/wp-json\/wp\/v2\/media?parent=5416"}],"wp:term":[{"taxonomy":"category","embeddable":true,"href":"https:\/\/sitetab3.ac-reims.fr\/ec-hannogne-st-remy\/-wp-\/wp-json\/wp\/v2\/categories?post=5416"},{"taxonomy":"post_tag","embeddable":true,"href":"https:\/\/sitetab3.ac-reims.fr\/ec-hannogne-st-remy\/-wp-\/wp-json\/wp\/v2\/tags?post=5416"}],"curies":[{"name":"wp","href":"https:\/\/api.w.org\/{rel}","templated":true}]}}