{"id":5458,"date":"2024-10-17T00:18:34","date_gmt":"2024-10-16T22:18:34","guid":{"rendered":"https:\/\/sitetab3.ac-reims.fr\/ec-hannogne-st-remy\/-wp-\/?p=5458"},"modified":"2024-10-17T15:01:33","modified_gmt":"2024-10-17T13:01:33","slug":"infographie","status":"publish","type":"post","link":"https:\/\/sitetab3.ac-reims.fr\/ec-hannogne-st-remy\/-wp-\/infographie\/","title":{"rendered":"Infographies"},"content":{"rendered":"\n<p><strong>pHARe&nbsp;: programme de lutte contre le HARc\u00e8lement \u00e0 l\u2019\u00e9cole<\/strong><\/p>\n\n\n\n<p><strong>Informations aux familles<\/strong><\/p>\n\n\n\n<p><\/p>\n\n\n\n<figure class=\"wp-block-gallery columns-1 is-cropped wp-block-gallery-1 is-layout-flex wp-block-gallery-is-layout-flex\"><ul class=\"blocks-gallery-grid\"><li class=\"blocks-gallery-item\"><figure><img loading=\"lazy\" decoding=\"async\" width=\"1024\" height=\"714\" src=\"https:\/\/sitetab3.ac-reims.fr\/ec-hannogne-st-remy\/-wp-\/wp-content\/uploads\/Comment-agir-face-au-harcelement-scolaire-1024x714.png\" alt=\"\" data-id=\"5465\" data-full-url=\"https:\/\/sitetab3.ac-reims.fr\/ec-hannogne-st-remy\/-wp-\/wp-content\/uploads\/Comment-agir-face-au-harcelement-scolaire.png\" data-link=\"https:\/\/sitetab3.ac-reims.fr\/ec-hannogne-st-remy\/-wp-\/infographie\/comment-agir-face-au-harcelement-scolaire\/\" class=\"wp-image-5465\" srcset=\"https:\/\/sitetab3.ac-reims.fr\/ec-hannogne-st-remy\/-wp-\/wp-content\/uploads\/Comment-agir-face-au-harcelement-scolaire-1024x714.png 1024w, https:\/\/sitetab3.ac-reims.fr\/ec-hannogne-st-remy\/-wp-\/wp-content\/uploads\/Comment-agir-face-au-harcelement-scolaire-300x209.png 300w, https:\/\/sitetab3.ac-reims.fr\/ec-hannogne-st-remy\/-wp-\/wp-content\/uploads\/Comment-agir-face-au-harcelement-scolaire-768x536.png 768w, https:\/\/sitetab3.ac-reims.fr\/ec-hannogne-st-remy\/-wp-\/wp-content\/uploads\/Comment-agir-face-au-harcelement-scolaire.png 1157w\" sizes=\"(max-width: 1024px) 100vw, 1024px\" \/><\/figure><\/li><\/ul><\/figure>\n\n\n<p><strong>Qu&rsquo;est-ce que le programme pHARe : programme de lutte contre le harc\u00e8lement \u00e0 l&rsquo;\u00e9cole<\/strong><\/p>\n<p><a href=\"http:\/\/sitetab3.ac-reims.fr\/ec-hannogne-st-remy\/-wp-\/wp-content\/uploads\/Flyer-informations-aux-familles.pdf\">Flyer-informations-aux-familles<\/a><\/p>\n<p><strong>Le droit \u00e0 une scolarit\u00e9 sans harc\u00e8lement &#8211; Le harc\u00e8lement, il faut en parler pour en sorti<\/strong><\/p>\n<p><a href=\"http:\/\/sitetab3.ac-reims.fr\/ec-hannogne-st-remy\/-wp-\/wp-content\/uploads\/Flyer-national-informations-aux-familles.pdf\">Flyer-national-informations-aux-familles<\/a><\/p>\n<p>Afin de permettre \u00e0 chaque enfant d\u2019\u00e9voluer dans un environnement scolaire \u00e9panouissant, l\u2019\u00e9cole se doit de veiller \u00e0 la s\u00e9curit\u00e9 de chacun au sein de l\u2019institution scolaire et au-del\u00e0 et d\u2019agir si n\u00e9cessaire. Cette d\u00e9marche de pr\u00e9vention et de protocole national de prise en charge des situations de harc\u00e8lement s\u2019inscrit dans le programme de lutte contre le harc\u00e8lement \u00e0 l\u2019\u00e9cole&nbsp;: pHARe<\/p>\n<p><!--more--><\/p>\n<p>Dans le cadre de ce programme, plusieurs actions seront men\u00e9es au&nbsp;cours de cette ann\u00e9e scolaire, voici les dates \u00e0 retenir pour les prochains mois&nbsp;:<\/p>\n<p><strong>\u00ab&nbsp;Journ\u00e9e NaH (Non au Harc\u00e8lement)<\/strong>&nbsp;\u00bb<\/p>\n<p><strong>Jeudi 7 novembre \u00e0 11h00<\/strong>&nbsp;: participation \u00e0 un webinaire en ligne pour les classes du CP-CE1 et CE2-CM1 sur le th\u00e8me des moqueries.<\/p>\n<p>&nbsp;<\/p>\n<p><strong>Vendredi 8 novembre \u00e0 14h00<\/strong> pour la classe de CM2 sur le th\u00e8me du cyberharc\u00e8lement.<\/p>\n<p>Les \u00e9l\u00e8ves de maternelle travailleront sur le conte du vilain petit canard (th\u00e8me de l\u2019exclusion).<\/p>\n<p>&nbsp;<\/p>\n<p><strong>Jeudi 14 novembre&nbsp; : &nbsp;&nbsp;&nbsp;&nbsp;&nbsp;&nbsp;&nbsp;&nbsp;&nbsp;&nbsp;&nbsp;&nbsp;&nbsp;&nbsp;&nbsp;&nbsp;&nbsp;&nbsp;&nbsp;&nbsp;&nbsp;&nbsp;&nbsp;&nbsp;&nbsp;&nbsp;&nbsp;&nbsp;&nbsp;&nbsp;&nbsp;&nbsp;&nbsp;&nbsp;&nbsp;&nbsp;&nbsp;&nbsp;&nbsp;&nbsp;&nbsp;&nbsp;&nbsp;&nbsp;&nbsp;&nbsp;&nbsp;&nbsp;&nbsp;&nbsp;&nbsp;&nbsp;&nbsp;&nbsp;&nbsp;&nbsp;&nbsp;&nbsp;&nbsp;&nbsp;&nbsp;&nbsp; <\/strong>&nbsp;&nbsp;&nbsp;&nbsp;&nbsp;<\/p>\n<p>&nbsp;Les \u00e9l\u00e8ves du CE2 au CM2 seront \u00e9galement invit\u00e9s \u00e0 r\u00e9pondre<u> anonymement<\/u> au questionnaire national de l\u2019enqu\u00eate du barom\u00e8tre harc\u00e8lement (analyse statistique par \u00e9chantillonnage). La r\u00e9ponse de l\u2019\u00e9l\u00e8ve \u00e0 ce questionnaire n\u2019est pas obligatoire. L\u2019\u00e9quipe enseignante proc\u00e9dera \u00e9galement \u00e0 l\u2019analyse des r\u00e9sultats afin d\u2019\u00e9valuer la qualit\u00e9 du climat scolaire et d\u2019orienter plus efficacement les s\u00e9ances p\u00e9dagogiques suivantes par des actions de pr\u00e9vention et de prise en charge de situations particuli\u00e8res.<\/p>\n<p><strong>Tout \u00e9l\u00e8ve qui le souhaite, \u00e0 la suite de ce questionnaire, peut demander \u00e0 parler avec un adulte de l\u2019\u00e9cole pour \u00e9voquer sa situation personnelle.<\/strong><\/p>\n<p>&nbsp;<\/p>\n\n\n<p><\/p>\n","protected":false},"excerpt":{"rendered":"<p>pHARe&nbsp;: programme de lutte contre le HARc\u00e8lement \u00e0 l\u2019\u00e9cole Informations aux familles Qu&rsquo;est-ce que le programme pHARe : programme de lutte contre le harc\u00e8lement \u00e0 l&rsquo;\u00e9cole Flyer-informations-aux-familles Le droit \u00e0 une scolarit\u00e9 sans harc\u00e8lement &#8211; Le harc\u00e8lement, il faut en parler pour en sorti Flyer-national-informations-aux-familles Afin de permettre \u00e0 chaque enfant d\u2019\u00e9voluer dans un environnement [&hellip;]<\/p>\n","protected":false},"author":1,"featured_media":0,"comment_status":"closed","ping_status":"closed","sticky":false,"template":"","format":"standard","meta":{"ngg_post_thumbnail":0,"footnotes":""},"categories":[36,82],"tags":[],"_links":{"self":[{"href":"https:\/\/sitetab3.ac-reims.fr\/ec-hannogne-st-remy\/-wp-\/wp-json\/wp\/v2\/posts\/5458"}],"collection":[{"href":"https:\/\/sitetab3.ac-reims.fr\/ec-hannogne-st-remy\/-wp-\/wp-json\/wp\/v2\/posts"}],"about":[{"href":"https:\/\/sitetab3.ac-reims.fr\/ec-hannogne-st-remy\/-wp-\/wp-json\/wp\/v2\/types\/post"}],"author":[{"embeddable":true,"href":"https:\/\/sitetab3.ac-reims.fr\/ec-hannogne-st-remy\/-wp-\/wp-json\/wp\/v2\/users\/1"}],"replies":[{"embeddable":true,"href":"https:\/\/sitetab3.ac-reims.fr\/ec-hannogne-st-remy\/-wp-\/wp-json\/wp\/v2\/comments?post=5458"}],"version-history":[{"count":8,"href":"https:\/\/sitetab3.ac-reims.fr\/ec-hannogne-st-remy\/-wp-\/wp-json\/wp\/v2\/posts\/5458\/revisions"}],"predecessor-version":[{"id":5476,"href":"https:\/\/sitetab3.ac-reims.fr\/ec-hannogne-st-remy\/-wp-\/wp-json\/wp\/v2\/posts\/5458\/revisions\/5476"}],"wp:attachment":[{"href":"https:\/\/sitetab3.ac-reims.fr\/ec-hannogne-st-remy\/-wp-\/wp-json\/wp\/v2\/media?parent=5458"}],"wp:term":[{"taxonomy":"category","embeddable":true,"href":"https:\/\/sitetab3.ac-reims.fr\/ec-hannogne-st-remy\/-wp-\/wp-json\/wp\/v2\/categories?post=5458"},{"taxonomy":"post_tag","embeddable":true,"href":"https:\/\/sitetab3.ac-reims.fr\/ec-hannogne-st-remy\/-wp-\/wp-json\/wp\/v2\/tags?post=5458"}],"curies":[{"name":"wp","href":"https:\/\/api.w.org\/{rel}","templated":true}]}}