{"id":5468,"date":"2024-10-11T00:35:00","date_gmt":"2024-10-10T22:35:00","guid":{"rendered":"https:\/\/sitetab3.ac-reims.fr\/ec-hannogne-st-remy\/-wp-\/?p=5468"},"modified":"2024-10-17T00:38:42","modified_gmt":"2024-10-16T22:38:42","slug":"ordre-du-jour-1er-conseil-decole-2024-2025","status":"publish","type":"post","link":"https:\/\/sitetab3.ac-reims.fr\/ec-hannogne-st-remy\/-wp-\/ordre-du-jour-1er-conseil-decole-2024-2025\/","title":{"rendered":"Ordre du jour 1er conseil d&rsquo;\u00e9cole 2024-2025"},"content":{"rendered":"\n<p><strong>Jeudi 7 novembre 2024 de 18h00 \u00e0 20h00<\/strong><\/p>\n\n\n\n<p>Ordre du jour&nbsp;:<\/p>\n\n\n\n<ul><li>Pr\u00e9sentation des membres du Conseil d\u2019Ecole<\/li><li>R\u00e9sultats des \u00e9lections de parents d\u2019\u00e9l\u00e8ves<\/li><li>Pr\u00e9sentation des effectifs et des modalit\u00e9s de fonctionnement de l\u2019\u00e9cole<\/li><li>Pr\u00e9sentation du r\u00e9seau d\u2019aide de Ch\u00e2teau Porcien et des dispositifs d\u2019aide aux \u00e9l\u00e8ves et du service de la m\u00e9decine scolaire<\/li><li>Validation du r\u00e8glement int\u00e9rieur de l\u2019\u00e9cole<\/li><li>Calendrier et protocole \u00e9vacuation des exercices d\u2019\u00e9vacuation incendie et PPMS sur le temps scolaire et p\u00e9riscolaire<\/li><li>Pr\u00e9sentation des \u00e9valuations nationales pour les classes du CP au CM2<\/li><li>Pr\u00e9sentation des dispositifs d\u2019accompagnement aux \u00e9l\u00e8ves (APC)<\/li><li>Pr\u00e9sentation des projets p\u00e9dagogiques (d\u00e9fis du jeune chercheur \u2013 m\u00e9diath\u00e8que- sortie Valod\u00e9a- journ\u00e9e de la La\u00efcit\u00e9 \u2013 comm\u00e9moration du 11 novembre)<\/li><li>Pr\u00e9sentation du programme pHARe (programme de lutte contre le harc\u00e8lement \u00e0 l\u2019\u00e9cole)<\/li><li>Enseignement de la natation<\/li><li>Retour sur l\u2019\u00e9valuation d\u2019\u00e9cole<\/li><li>Pr\u00e9sentation et validation des comptes de la coop\u00e9rative scolaire &#8211; projets de sorties et spectacles<\/li><li>Financement de la coop\u00e9rative scolaire par la participation des familles&nbsp;: vote du montant<\/li><li>Pr\u00e9sentation des projets propos\u00e9s par l\u2019association des parents d\u2019\u00e9l\u00e8ves&nbsp;: la ronde des parents<\/li><li>Questions diverses&nbsp;; r\u00e9ponses aux questions et remarques des parents (celles-ci auront \u00e9t\u00e9 formul\u00e9es et soumises \u00e0 l\u2019\u00e9quipe enseignante au plus tard le jeudi 17 octobre 2024)<\/li><\/ul>\n","protected":false},"excerpt":{"rendered":"<p>Jeudi 7 novembre 2024 de 18h00 \u00e0 20h00 Ordre du jour&nbsp;: Pr\u00e9sentation des membres du Conseil d\u2019Ecole R\u00e9sultats des \u00e9lections de parents d\u2019\u00e9l\u00e8ves Pr\u00e9sentation des effectifs et des modalit\u00e9s de fonctionnement de l\u2019\u00e9cole Pr\u00e9sentation du r\u00e9seau d\u2019aide de Ch\u00e2teau Porcien et des dispositifs d\u2019aide aux \u00e9l\u00e8ves et du service de la m\u00e9decine scolaire Validation du [&hellip;]<\/p>\n","protected":false},"author":1,"featured_media":0,"comment_status":"closed","ping_status":"closed","sticky":false,"template":"","format":"standard","meta":{"ngg_post_thumbnail":0,"footnotes":""},"categories":[21],"tags":[],"_links":{"self":[{"href":"https:\/\/sitetab3.ac-reims.fr\/ec-hannogne-st-remy\/-wp-\/wp-json\/wp\/v2\/posts\/5468"}],"collection":[{"href":"https:\/\/sitetab3.ac-reims.fr\/ec-hannogne-st-remy\/-wp-\/wp-json\/wp\/v2\/posts"}],"about":[{"href":"https:\/\/sitetab3.ac-reims.fr\/ec-hannogne-st-remy\/-wp-\/wp-json\/wp\/v2\/types\/post"}],"author":[{"embeddable":true,"href":"https:\/\/sitetab3.ac-reims.fr\/ec-hannogne-st-remy\/-wp-\/wp-json\/wp\/v2\/users\/1"}],"replies":[{"embeddable":true,"href":"https:\/\/sitetab3.ac-reims.fr\/ec-hannogne-st-remy\/-wp-\/wp-json\/wp\/v2\/comments?post=5468"}],"version-history":[{"count":2,"href":"https:\/\/sitetab3.ac-reims.fr\/ec-hannogne-st-remy\/-wp-\/wp-json\/wp\/v2\/posts\/5468\/revisions"}],"predecessor-version":[{"id":5471,"href":"https:\/\/sitetab3.ac-reims.fr\/ec-hannogne-st-remy\/-wp-\/wp-json\/wp\/v2\/posts\/5468\/revisions\/5471"}],"wp:attachment":[{"href":"https:\/\/sitetab3.ac-reims.fr\/ec-hannogne-st-remy\/-wp-\/wp-json\/wp\/v2\/media?parent=5468"}],"wp:term":[{"taxonomy":"category","embeddable":true,"href":"https:\/\/sitetab3.ac-reims.fr\/ec-hannogne-st-remy\/-wp-\/wp-json\/wp\/v2\/categories?post=5468"},{"taxonomy":"post_tag","embeddable":true,"href":"https:\/\/sitetab3.ac-reims.fr\/ec-hannogne-st-remy\/-wp-\/wp-json\/wp\/v2\/tags?post=5468"}],"curies":[{"name":"wp","href":"https:\/\/api.w.org\/{rel}","templated":true}]}}