{"id":5717,"date":"2024-12-29T14:08:23","date_gmt":"2024-12-29T13:08:23","guid":{"rendered":"https:\/\/sitetab3.ac-reims.fr\/ec-hannogne-st-remy\/-wp-\/?p=5717"},"modified":"2024-12-29T14:08:25","modified_gmt":"2024-12-29T13:08:25","slug":"commemoration-du-11-novembre","status":"publish","type":"post","link":"https:\/\/sitetab3.ac-reims.fr\/ec-hannogne-st-remy\/-wp-\/commemoration-du-11-novembre\/","title":{"rendered":"Comm\u00e9moration du 11 Novembre"},"content":{"rendered":"\n<p>Mardi 12 novembre, toutes les classes se sont rendues au monument aux morts d&rsquo;Hannogne-Saint-R\u00e9my pour comm\u00e9morer l&rsquo;armistice de la Premi\u00e8re Guerre mondiale. <\/p>\n\n\n\n<figure class=\"wp-block-image size-large is-resized\"><img loading=\"lazy\" decoding=\"async\" src=\"https:\/\/sitetab3.ac-reims.fr\/ec-hannogne-st-remy\/-wp-\/wp-content\/uploads\/20241112_101657-1024x787.jpg\" alt=\"\" class=\"wp-image-5718\" width=\"457\" height=\"351\" srcset=\"https:\/\/sitetab3.ac-reims.fr\/ec-hannogne-st-remy\/-wp-\/wp-content\/uploads\/20241112_101657-1024x787.jpg 1024w, https:\/\/sitetab3.ac-reims.fr\/ec-hannogne-st-remy\/-wp-\/wp-content\/uploads\/20241112_101657-300x230.jpg 300w, https:\/\/sitetab3.ac-reims.fr\/ec-hannogne-st-remy\/-wp-\/wp-content\/uploads\/20241112_101657-768x590.jpg 768w, https:\/\/sitetab3.ac-reims.fr\/ec-hannogne-st-remy\/-wp-\/wp-content\/uploads\/20241112_101657.jpg 1109w\" sizes=\"(max-width: 457px) 100vw, 457px\" \/><\/figure>\n","protected":false},"excerpt":{"rendered":"<p>Mardi 12 novembre, toutes les classes se sont rendues au monument aux morts d&rsquo;Hannogne-Saint-R\u00e9my pour comm\u00e9morer l&rsquo;armistice de la Premi\u00e8re Guerre mondiale.<\/p>\n","protected":false},"author":1,"featured_media":0,"comment_status":"closed","ping_status":"closed","sticky":false,"template":"","format":"standard","meta":{"ngg_post_thumbnail":0,"footnotes":""},"categories":[36,56,58,52,65],"tags":[],"_links":{"self":[{"href":"https:\/\/sitetab3.ac-reims.fr\/ec-hannogne-st-remy\/-wp-\/wp-json\/wp\/v2\/posts\/5717"}],"collection":[{"href":"https:\/\/sitetab3.ac-reims.fr\/ec-hannogne-st-remy\/-wp-\/wp-json\/wp\/v2\/posts"}],"about":[{"href":"https:\/\/sitetab3.ac-reims.fr\/ec-hannogne-st-remy\/-wp-\/wp-json\/wp\/v2\/types\/post"}],"author":[{"embeddable":true,"href":"https:\/\/sitetab3.ac-reims.fr\/ec-hannogne-st-remy\/-wp-\/wp-json\/wp\/v2\/users\/1"}],"replies":[{"embeddable":true,"href":"https:\/\/sitetab3.ac-reims.fr\/ec-hannogne-st-remy\/-wp-\/wp-json\/wp\/v2\/comments?post=5717"}],"version-history":[{"count":2,"href":"https:\/\/sitetab3.ac-reims.fr\/ec-hannogne-st-remy\/-wp-\/wp-json\/wp\/v2\/posts\/5717\/revisions"}],"predecessor-version":[{"id":5720,"href":"https:\/\/sitetab3.ac-reims.fr\/ec-hannogne-st-remy\/-wp-\/wp-json\/wp\/v2\/posts\/5717\/revisions\/5720"}],"wp:attachment":[{"href":"https:\/\/sitetab3.ac-reims.fr\/ec-hannogne-st-remy\/-wp-\/wp-json\/wp\/v2\/media?parent=5717"}],"wp:term":[{"taxonomy":"category","embeddable":true,"href":"https:\/\/sitetab3.ac-reims.fr\/ec-hannogne-st-remy\/-wp-\/wp-json\/wp\/v2\/categories?post=5717"},{"taxonomy":"post_tag","embeddable":true,"href":"https:\/\/sitetab3.ac-reims.fr\/ec-hannogne-st-remy\/-wp-\/wp-json\/wp\/v2\/tags?post=5717"}],"curies":[{"name":"wp","href":"https:\/\/api.w.org\/{rel}","templated":true}]}}