{"id":6025,"date":"2025-03-12T22:57:10","date_gmt":"2025-03-12T21:57:10","guid":{"rendered":"https:\/\/sitetab3.ac-reims.fr\/ec-hannogne-st-remy\/-wp-\/?p=6025"},"modified":"2025-03-23T23:33:50","modified_gmt":"2025-03-23T22:33:50","slug":"compte-rendu-du-second-conseil-decole-2024-2025","status":"publish","type":"post","link":"https:\/\/sitetab3.ac-reims.fr\/ec-hannogne-st-remy\/-wp-\/compte-rendu-du-second-conseil-decole-2024-2025\/","title":{"rendered":"Compte -rendu du second conseil d&rsquo;\u00e9cole 2024-2025"},"content":{"rendered":"\n<div class=\"wp-block-file\"><a id=\"wp-block-file--media-1e4ea7bb-ff48-4dda-a7a6-3e7b9ef5733b\" href=\"https:\/\/sitetab3.ac-reims.fr\/ec-hannogne-st-remy\/-wp-\/wp-content\/uploads\/compte-rendu-second-conseil-ecole-2024-2025-Hannogne-St-Remy.odt\">compte-rendu-second-conseil-ecole-2024-2025-Hannogne-St-Remy<\/a><a href=\"https:\/\/sitetab3.ac-reims.fr\/ec-hannogne-st-remy\/-wp-\/wp-content\/uploads\/compte-rendu-second-conseil-ecole-2024-2025-Hannogne-St-Remy.odt\" class=\"wp-block-file__button wp-element-button\" download aria-describedby=\"wp-block-file--media-1e4ea7bb-ff48-4dda-a7a6-3e7b9ef5733b\">T\u00e9l\u00e9charger<\/a><\/div>\n\n\n\n\n\n<p><em>Ann\u00e9e scolaire 2024-2025<\/em> : <em>2<sup>nd<\/sup> conseil d\u2019\u00e9cole de l\u2019\u00e9cole Pierre Cochart \u2013 Hannogne ST R\u00e9my<\/em><\/p>\n\n\n\n<p><strong>Jeudi 27 f\u00e9vrier 2025 de 18h00 \u00e0 20h00<\/strong> \u00e0 l\u2019\u00e9cole Pierre Cochart \u2013 Hannogne St R\u00e9my<\/p>\n\n\n\n<p><u>Membres du conseil d\u2019\u00e9cole&nbsp;:<\/u><\/p>\n\n\n\n<ul>\n<li>Les repr\u00e9sentantes \u00e9lues des parents d\u2019\u00e9l\u00e8ves\u00a0: Mesdames CARVALHO (enfant en classe de CP-CE1), GUILLAUME (enfant en classe de MS et CM2), DUCAMP (enfant en classe de MS),<\/li>\n\n\n\n<li>Monsieur JENIN, D\u00e9l\u00e9gu\u00e9 D\u00e9partemental de l\u2019Education Nationale (DDEN), nomm\u00e9 par l\u2019Inspecteur d\u2019Acad\u00e9mie des Ardennes<\/li>\n\n\n\n<li>Les enseignantes\u00a0: Mesdames BARRAS, enseignante de la classe CM2 (mardi, jeudi et vendredi), SCHWEITZER, enseignante de la classe de CE2-CM1, BAILLY, enseignante de la classe de CP-CE1, GUERLOT, enseignante de la classe de PS-MS-GS et directrice de l\u2019\u00e9cole,<\/li>\n\n\n\n<li>Monsieur Moretti, Responsable du service scolarit\u00e9 au sein de la Communaut\u00e9 de communes du Pays reth\u00e9lois, en remplacement de Madame Maillot<\/li>\n<\/ul>\n\n\n\n<p>Sont invit\u00e9s et pr\u00e9sents les maires des villages\u00a0de Banogne-Recouvrance, S\u00e9vigny-Waleppe, St Quentin le Petit\u00a0: M Carr\u00e9, M G\u00e9rard, Mme Fleiter<\/p>\n\n\n<p><!--more--><\/p>\n\n\n<p><u>Absents excus\u00e9s&nbsp;: <\/u><\/p>\n\n\n\n<ul>\n<li>Monsieur L\u2019inspecteur de l\u2019Education nationale de la circonscription de Rethel<\/li>\n\n\n\n<li>Madame MAILLOT, Elue de la communaut\u00e9 du Pays reth\u00e9lois d\u00e9sign\u00e9e pour participer aux conseils d\u2019\u00e9cole de Hannogne ST R\u00e9my<\/li>\n\n\n\n<li>Monsieur PARADIS Luca, enseignant de la classe de CM2 le lundi <br>Madame DECORNE, enseignante qui effectue la d\u00e9charge de direction de la directrice<\/li>\n\n\n\n<li>Madame HENNEBELLE (enfant en classe de PS et CM2)<\/li>\n\n\n\n<li>Monsieur GUIRSCH Maire de S\u00e9vigny Waleppe<\/li>\n<\/ul>\n\n\n\n<p><u>Effectif des \u00e9l\u00e8ves au 27.02.2025 <\/u><\/p>\n\n\n\n<ul>\n<li>Classe maternelle\u00a0: 21 (une arriv\u00e9e en d\u00e9cembre)<\/li>\n\n\n\n<li>CP-CE1\u00a0: 12<\/li>\n\n\n\n<li>CE2 -CM1\u00a0: 21<\/li>\n\n\n\n<li>CM2\u00a0: 18 (-1, +1)<\/li>\n<\/ul>\n\n\n\n<p>Total de 71 \u00e9l\u00e8ves<\/p>\n\n\n\n<p>\u00a0<u>Pr\u00e9visions des effectifs et organisation des horaires de fonctionnement de l\u2019\u00e9cole pour l\u2019ann\u00e9e 2025-2026<\/u> :<\/p>\n\n\n\n<ul>\n<li>PS\u00a0: 5 &#8211; MS\u00a0: 4\u00a0 &#8211; GS\u00a0: 10\u00a0\u00a0\u00a0\u00a0 total\u00a0: 19<\/li>\n\n\n\n<li>CP\u00a0: 7 \u2013 CE1\u00a0: 4\u00a0 &#8211; CE2\u00a0: 8\u00a0\u00a0 total\u00a0: 19<\/li>\n\n\n\n<li>CM1\u00a0: 11 \u2013 CM2\u00a0: 9\u00a0\u00a0\u00a0\u00a0\u00a0\u00a0\u00a0\u00a0\u00a0\u00a0\u00a0 total\u00a0: 20<\/li>\n<\/ul>\n\n\n\n<p>Total de l\u2019\u00e9cole\u00a0: 58 \u00e9l\u00e8ves<\/p>\n\n\n\n<p>&nbsp;&nbsp;&nbsp;&nbsp;&nbsp;&nbsp;&nbsp;&nbsp;&nbsp;&nbsp;&nbsp;&nbsp;&nbsp; D\u00e9cision vot\u00e9e&nbsp;:&nbsp; Les horaires de l\u2019\u00e9cole sont conserv\u00e9s. Par de changement de ramassage scolaire demand\u00e9.<\/p>\n\n\n\n<p><u>Pr\u00e9sentation du Plan Particulier de Mise en S\u00e9curit\u00e9 unifi\u00e9, \u00e9labor\u00e9 par les services acad\u00e9miques et mis en conformit\u00e9 en janvier 2025<\/u><\/p>\n\n\n\n<p>Le PPMS unifi\u00e9 a \u00e9t\u00e9 envoy\u00e9 \u00e0 la directrice de l\u2019\u00e9cole, \u00e0 la mairie et \u00e0 Pays reth\u00e9lois<\/p>\n\n\n\n<p>Des recommandations ont \u00e9t\u00e9 faites par les conseillers s\u00e9curit\u00e9 de l\u2019Inspection acad\u00e9mique. Monsieur G\u00e9rard fait part des recommandations adress\u00e9es \u00e0 la mairie de Hannogne ST R\u00e9my&nbsp;: passage pi\u00e9ton devant l\u2019\u00e9cole, zone z\u00e9br\u00e9e jaune pour les bus, zone limit\u00e9e \u00e0 30 km.<\/p>\n\n\n\n<p>2<sup>\u00e8me<\/sup> exercice acad\u00e9mique de mise en \u0153uvre du plan particulier de mise en s\u00e9curit\u00e9 qui doit avoir lieu entre le lundi 17mars et le vendredi 4 avril 2025 :  Le sc\u00e9nario propos\u00e9\u00a0est une situation d&rsquo;inondation \u2013 pluie intense<\/p>\n\n\n\n<p>L\u2019exercice doit \u00eatre pr\u00e9par\u00e9 en amont et faire l\u2019objet d\u2019une communication en interne (tous les personnels enseignants et non enseignants, les \u00e9l\u00e8ves et en externe (parents d\u2019\u00e9l\u00e8ves, collectivit\u00e9 territoriale).<\/p>\n\n\n\n<p>Le second exercice \u00e9vacuation incendie aura lieu le 13&nbsp;mars \u00e0 11h00. Les \u00e9l\u00e8ves ne sont pas inform\u00e9s de l\u2019exercice.<\/p>\n\n\n\n<p><u>Pr\u00e9sentation des \u00e9valuations nationales point d\u2019\u00e9tape pour les \u00e9l\u00e8ves de CP <\/u><\/p>\n\n\n\n<p><em>En fran\u00e7ais<\/em>\u00a0: les difficult\u00e9s portent plut\u00f4t sur l\u2019encodage avec l\u2019\u00e9criture de mots et syllabes. La lecture est satisfaisante. A renforcer la compr\u00e9hension sur des textes ou des phrases lus seul.<\/p>\n\n\n\n<p><em>En math\u00e9matiques<\/em>\u00a0: Des difficult\u00e9s globales.\u00a0 Toutes les difficult\u00e9s portent principalement sur l\u2019op\u00e9ratoire\u00a0: addition, soustraction.\u00a0 La r\u00e9solution de probl\u00e8me s\u2019am\u00e9liore.<\/p>\n\n\n\n<p><u>Pr\u00e9sentation de la proc\u00e9dure d\u2019orientation et d\u2019affectation des \u00e9l\u00e8ves en classe de 6<sup>\u00e8me <\/sup><\/u><\/p>\n\n\n\n<ul>\n<li>La proc\u00e9dure d\u00e9butera \u00e0 partir du 10 mars 2025 avec la transmission du volet 1 aux repr\u00e9sentants l\u00e9gaux \u00e9dit\u00e9 par le directeur d\u2019\u00e9cole.<\/li>\n\n\n\n<li>21\/03\/2025 Retour du volet 1 et mise \u00e0 jour des informations dans l\u2019application AFFELNET<\/li>\n\n\n\n<li>Diffusion du \u00ab volet 2 \u00bb aux repr\u00e9sentants l\u00e9gaux et retour aux directeurs d\u2019\u00e9cole avant le 25\/04\/2025<\/li>\n\n\n\n<li>Saisie dans l&rsquo;application AFFELNET par le directeur d&rsquo;\u00e9cole des demandes de d\u00e9rogations pour le 25\/04\/2025<\/li>\n<\/ul>\n\n\n\n<p>La notification d\u2019affectation sera transmise aux repr\u00e9sentants l\u00e9gaux par le Principal du coll\u00e8ge o\u00f9 l\u2019enfant est affect\u00e9 \u00e0 partir du 16 juin 2025. Si l\u2019affectation ne correspond pas \u00e0 votre v\u0153u, cela signifie qu\u2019il n\u2019a pas \u00e9t\u00e9 possible de donner une suite favorable \u00e0 votre demande de d\u00e9rogation, en raison des diff\u00e9rents crit\u00e8res soumis \u00e0 l\u2019arbitrage de Madame L\u2019inspectrice d\u2019acad\u00e9mie, directrice acad\u00e9mique des services de l\u2019Education nationale des Ardennes (places disponibles \u00e9quilibres, \u00e9quit\u00e9 de traitement dans les motifs)<\/p>\n\n\n\n<p>La sortie au coll\u00e8ge \u00e0 Ch\u00e2teau Porcien aura lieu le 20 mai 2025 pour tous les \u00e9l\u00e8ves de CM2. Le prix du repas est fix\u00e9 \u00e0 4 euros.<\/p>\n\n\n\n<p><u>Pr\u00e9sentation des proc\u00e9dures de passage scolaire et recours<\/u><\/p>\n\n\n\n<p>Les notifications de poursuite de scolarit\u00e9 doivent \u00eatre propos\u00e9es aux familles avant le 06\/05\/2025. Les repr\u00e9sentants l\u00e9gaux ont jusqu\u2019au 22\/05\/2025 pour effectuer un recours \u00e0 la commission d\u00e9partementale en cas de d\u00e9saccord avec l\u2019avis du conseil des ma\u00eetres.<\/p>\n\n\n\n<p><u>Projet d\u2019\u00e9cole<\/u><\/p>\n\n\n\n<p>Suite \u00e0 l\u2019\u00e9valuation d\u2019\u00e9cole, le projet d\u2019\u00e9cole est en cours d\u2019\u00e9laboration avec un axe en direction des apprentissages et aux autres qui doit permettre de travailler sur les diff\u00e9rents parcours des \u00e9l\u00e8ves (citoyen pour travailler sur le climat scolaire\u2013 sant\u00e9 et \u00e9ducation artistiques) avec un travail en relations avec les diff\u00e9rents partenaires de l\u2019\u00e9cole.<\/p>\n\n\n\n<p><u>Bilan des actions p\u00e9dagogiques et \u00e9ducatives du 1<sup>er<\/sup> semestre <\/u><\/p>\n\n\n\n<ul>\n<li>Spectacle de No\u00ebl en anglais \u00ab\u00a0On a kidnapp\u00e9 le P\u00e8re No\u00ebl\u00a0\u00bb pour les \u00e9l\u00e8ves du niveau GS jusqu\u2019au niveau CM2<\/li>\n\n\n\n<li>Spectacle de marionnettes propos\u00e9 par la compagnie des trois chardons \u00ab\u00a0Le\u00efla et la baleine\u00a0\u00bb<\/li>\n\n\n\n<li>Venue de deux conteuses \u00ab\u00a0contes autour du th\u00e8me de l\u2019hiver\u00a0\u00bb<\/li>\n\n\n\n<li>Go\u00fbter de fin d\u2019ann\u00e9e offert par l\u2019association des parents d\u2019\u00e9l\u00e8ves<\/li>\n<\/ul>\n\n\n\n<p><u>Protocole phare<\/u><\/p>\n\n\n\n<p>La journ\u00e9e autour de l\u2019action \u00ab&nbsp;Safer internet day&nbsp;\u00bb aura lieu en mars.<\/p>\n\n\n\n<p><u>Projets p\u00e9dagogiques du 2<sup>nd<\/sup> semestre<\/u><\/p>\n\n\n\n<ul>\n<li>Sciences\u00a0: \u00e9levage de phasmes<\/li>\n\n\n\n<li>Ecriture d\u2019une charte \u00e9cocitoyenne<\/li>\n\n\n\n<li>Permis internet avec la gendarmerie pour les \u00e9l\u00e8ves de CM2<\/li>\n\n\n\n<li>L\u2019action p\u00e9dagogique \u00ab\u00a0les 100 jours\u00a0d\u2019\u00e9cole\u00a0\u00bb aura lieu 22 avril jour de la rentr\u00e9e. Les \u00e9l\u00e8ves seront invit\u00e9s \u00e0 se rendre \u00e0 l\u2019\u00e9cole d\u00e9guis\u00e9s.<\/li>\n<\/ul>\n\n\n\n<div class=\"wp-block-group is-vertical is-layout-flex wp-container-core-group-is-layout-1 wp-block-group-is-layout-flex\">\n<p><u>Natation&nbsp;: <\/u><\/p>\n<\/div>\n\n\n\n<p>Validation de l&rsquo;attestation du<em> savoir nager en s\u00e9curit\u00e9 (ASNS<\/em>) avec une \u00e9preuve de connaissances et une \u00e9preuve d&rsquo;aptitude en piscine.<\/p>\n\n\n\n<p><u>Fr\u00e9quentation de la m\u00e9diath\u00e8que de Hannogne Saint R\u00e9my<\/u><\/p>\n\n\n\n<p>Les \u00e9l\u00e8ves fr\u00e9quentent r\u00e9guli\u00e8rement la m\u00e9diath\u00e8que de Hannogne St R\u00e9my depuis plusieurs semaines.<\/p>\n\n\n\n<p>Mme Josette Prin, de l\u2019association \u00ab&nbsp;lire et faire lire&nbsp;\u00bb accompagne la classe de CP-CE1 \u00e0 la m\u00e9diath\u00e8que le vendredi. Elle intervient aupr\u00e8s des \u00e9l\u00e8ves sous la responsabilit\u00e9 et la surveillance de l\u2019enseignante.<\/p>\n\n\n\n<p>Sur proposition de Mme Ang\u00e9lique Vasseur, charg\u00e9e de la programmation culturelle au service culture et patrimoine de la communaut\u00e9 de communes du Pays reth\u00e9lois, La classe de maternelle devrait participer au dispositif du \u00ab\u00a0Printemps de la petite enfance\u00a0\u00bb<\/p>\n\n\n\n<p>Elisa G\u00e9hin, auteure jeunesse, interviendra au sein du territoire du Pays reth\u00e9lois, le vendredi 14 mars apr\u00e8s-midi. Celle-ci souhaite proposer un atelier \u00e0 destination du public scolaire et plus particuli\u00e8rement des maternelles. Elle interviendrait \u00e0 la m\u00e9diath\u00e8que de Hannogne St R\u00e9my sur un cr\u00e9neau de 2h00 l&rsquo;apr\u00e8s-midi.<\/p>\n\n\n\n<p><u>Sorties scolaires pr\u00e9vues et bilan des actions de la coop\u00e9rative scolaire<\/u> (photos scolaires \u2013 f\u00eate scolaire de fin d\u2019ann\u00e9e -budget)<\/p>\n\n\n\n<p>Concernant le versement de la subvention aux coop\u00e9ratives scolaires d&rsquo;un montant de 6\u20ac, les sommes ont \u00e9t\u00e9 mandat\u00e9es le 19 f\u00e9vrier 2025 par le service comptabilit\u00e9.<\/p>\n\n\n\n<p><u>Pr\u00e9sentation d\u2019un projet \u00ab\u00a0vacances apprenantes\u00a0\u00bb<\/u> (sous r\u00e9serve de la faisabilit\u00e9 du projet et accord des services acad\u00e9miques)\u00a0: ce projet propos\u00e9 en priorit\u00e9 \u00e0 la classe de CM2 et CM1 en fonction des places restantes permettra aux \u00e9l\u00e8ves de partir sous la responsabilit\u00e9 de trois adultes de l\u2019Education nationale (Mmes HOSSON, GUERLOT et MEDINA) de partir en s\u00e9jour au lac du Der du 7 au 11 juillet 2025. Nous reviendrons vers les familles d\u00e8s que les informations seront plus pr\u00e9cises. Pour l\u2019instant, cela est \u00e0 l\u2019\u00e9tat de projet et reste en attente de l\u2019accord des services acad\u00e9miques.<\/p>\n\n\n\n<p><u>Investissements mat\u00e9riels r\u00e9alis\u00e9s et \u00e0 venir, contr\u00f4le et entretien des b\u00e2timents<\/u><\/p>\n\n\n\n<p>L\u2019\u00e9lagage d\u2019arbres a \u00e9t\u00e9 effectu\u00e9 autour du terrain de sport.<\/p>\n\n\n\n<p><u>Pr\u00e9sentation des actions et projets de l\u2019association des parents d\u2019\u00e9l\u00e8ves \u00ab\u00a0La ronde des parents\u00a0\u00bb<\/u><\/p>\n\n\n\n<ul>\n<li>Kermesse<\/li>\n\n\n\n<li>Tombola d\u2019hiver<\/li>\n<\/ul>\n\n\n\n<p><u>Questions diverses&nbsp;(d\u00e9p\u00f4t des questions et r\u00e9flexions formul\u00e9es et soumises \u00e0 l\u2019\u00e9quipe enseignante au plus tard le vendredi 7 f\u00e9vrier 2025)<\/u><\/p>\n\n\n\n<p>Une question a \u00e9t\u00e9 transmise et concerne l\u2019animation musique propos\u00e9e par les intervenants de la Communaut\u00e9 de communes. Le parent s\u2019interroge sur le contenu du projet et plus particuli\u00e8rement le choix du chant (chant patriotique&nbsp;: la Strasbourgeoise) ainsi que sur le choix de diffusion (communaut\u00e9 Tiktok) pour communiquer aupr\u00e8s des familles.<\/p>\n\n\n\n<p>Madame Simon, responsable du service p\u00e9riscolaire, a fait parvenir \u00e0 la directrice de l\u2019\u00e9cole, la pr\u00e9sentation du projet, extrait ci-dessous, qui est \u00e9galement consultable par les parents qui le d\u00e9sirent.<\/p>\n\n\n\n<p>[\u2026Ce projet vise sur l&rsquo;importance de renouer avec les valeurs fondamentales (Libert\u00e9, \u00c9galit\u00e9, Fraternit\u00e9) et le respect du patrimoine.&nbsp;Transmission des chants du patrimoine aux enfants pour renforcer les notions de respect, vivre-ensemble, fiert\u00e9 et citoyennet\u00e9.<\/p>\n\n\n\n<p><strong><u>Objectifs<\/u><\/strong><u>&nbsp;<\/u>:<br>Proposer plusieurs chants avec leur contexte historique.&nbsp;<\/p>\n\n\n\n<p>Valorisation des valeurs : Le projet met en avant des valeurs importantes comme le respect, le vivre-ensemble, la citoyennet\u00e9 et la fiert\u00e9 de notre patrimoine, ce qui est essentiel pour leur d\u00e9veloppement personnel.&nbsp;&nbsp;<\/p>\n\n\n\n<p><strong><u>Conclusion<\/u><\/strong><u>&nbsp;:<br><\/u>Projet visant \u00e0 faire revivre le souvenir du patrimoine fran\u00e7ais et \u00e0 transmettre les valeurs essentielles au respect de notre histoire et de notre culture.<\/p>\n\n\n\n<p>En r\u00e9sum\u00e9, ce projet offre une excellente occasion pour les enfants de s&rsquo;immerger dans la musique tout en apprenant des valeurs importantes et en s&rsquo;amusant.&nbsp;&nbsp;<\/p>\n\n\n\n<p>Bien d&rsquo;autres avantages sont b\u00e9n\u00e9fiques au d\u00e9veloppement des enfants \u00e0 travers ce projet&nbsp;: renforcement de la m\u00e9moire, cr\u00e9ation de lien au travers l&rsquo;activit\u00e9 collective, la confiance en soi et l&rsquo;estime de soi, l&rsquo;expression \u00e9motionnelle&#8230; ]<\/p>\n\n\n\n<p>Monsieur Moretti souligne que les \u00e9l\u00e8ves n\u2019\u00e9taient pas visibles sur l&rsquo;extrait sonore et visuel diffus\u00e9. Une r\u00e9flexion est men\u00e9e avec les diff\u00e9rents intervenants sur un canal de diffusion plus appropri\u00e9.<\/p>\n\n\n\n<p>Fin de la s\u00e9ance \u00e0 20h00<\/p>\n\n\n\n<p>Ecole primaire Pierre Cochart \u2013 4 rue de Banogne 08220 Hannogne ST R\u00e9my \u2013 T\u00e9l&nbsp;: 03 24 39 68 52<\/p>\n\n\n\n<p>Courriel&nbsp;: ce.0080532k@ac-reims.fr<\/p>\n\n\n\n\n\n\n\n\n\n\n","protected":false},"excerpt":{"rendered":"<p>Ann\u00e9e scolaire 2024-2025 : 2nd conseil d\u2019\u00e9cole de l\u2019\u00e9cole Pierre Cochart \u2013 Hannogne ST R\u00e9my Jeudi 27 f\u00e9vrier 2025 de 18h00 \u00e0 20h00 \u00e0 l\u2019\u00e9cole Pierre Cochart \u2013 Hannogne St R\u00e9my Membres du conseil d\u2019\u00e9cole&nbsp;: Sont invit\u00e9s et pr\u00e9sents les maires des villages\u00a0de Banogne-Recouvrance, S\u00e9vigny-Waleppe, St Quentin le Petit\u00a0: M Carr\u00e9, M G\u00e9rard, Mme Fleiter<\/p>\n","protected":false},"author":1,"featured_media":0,"comment_status":"closed","ping_status":"closed","sticky":false,"template":"","format":"standard","meta":{"ngg_post_thumbnail":0,"footnotes":""},"categories":[21],"tags":[],"_links":{"self":[{"href":"https:\/\/sitetab3.ac-reims.fr\/ec-hannogne-st-remy\/-wp-\/wp-json\/wp\/v2\/posts\/6025"}],"collection":[{"href":"https:\/\/sitetab3.ac-reims.fr\/ec-hannogne-st-remy\/-wp-\/wp-json\/wp\/v2\/posts"}],"about":[{"href":"https:\/\/sitetab3.ac-reims.fr\/ec-hannogne-st-remy\/-wp-\/wp-json\/wp\/v2\/types\/post"}],"author":[{"embeddable":true,"href":"https:\/\/sitetab3.ac-reims.fr\/ec-hannogne-st-remy\/-wp-\/wp-json\/wp\/v2\/users\/1"}],"replies":[{"embeddable":true,"href":"https:\/\/sitetab3.ac-reims.fr\/ec-hannogne-st-remy\/-wp-\/wp-json\/wp\/v2\/comments?post=6025"}],"version-history":[{"count":5,"href":"https:\/\/sitetab3.ac-reims.fr\/ec-hannogne-st-remy\/-wp-\/wp-json\/wp\/v2\/posts\/6025\/revisions"}],"predecessor-version":[{"id":6035,"href":"https:\/\/sitetab3.ac-reims.fr\/ec-hannogne-st-remy\/-wp-\/wp-json\/wp\/v2\/posts\/6025\/revisions\/6035"}],"wp:attachment":[{"href":"https:\/\/sitetab3.ac-reims.fr\/ec-hannogne-st-remy\/-wp-\/wp-json\/wp\/v2\/media?parent=6025"}],"wp:term":[{"taxonomy":"category","embeddable":true,"href":"https:\/\/sitetab3.ac-reims.fr\/ec-hannogne-st-remy\/-wp-\/wp-json\/wp\/v2\/categories?post=6025"},{"taxonomy":"post_tag","embeddable":true,"href":"https:\/\/sitetab3.ac-reims.fr\/ec-hannogne-st-remy\/-wp-\/wp-json\/wp\/v2\/tags?post=6025"}],"curies":[{"name":"wp","href":"https:\/\/api.w.org\/{rel}","templated":true}]}}