{"id":6041,"date":"2025-03-24T00:21:25","date_gmt":"2025-03-23T23:21:25","guid":{"rendered":"https:\/\/sitetab3.ac-reims.fr\/ec-hannogne-st-remy\/-wp-\/?p=6041"},"modified":"2025-03-24T00:21:48","modified_gmt":"2025-03-23T23:21:48","slug":"visite-au-college-pour-la-classe-de-cm2","status":"publish","type":"post","link":"https:\/\/sitetab3.ac-reims.fr\/ec-hannogne-st-remy\/-wp-\/visite-au-college-pour-la-classe-de-cm2\/","title":{"rendered":"Visite au coll\u00e8ge pour la classe de CM2"},"content":{"rendered":"\n<p>La visite au coll\u00e8ge \u00e0 Ch\u00e2teau Porcien aura lieu le <strong>mardi 20 mai 2025<\/strong> avec Madame Barras.<\/p>\n\n\n\n<p>Le transport s&rsquo;effectuera de l&rsquo;\u00e9cole en bus avec un d\u00e9part \u00e0 9h05 et un retour vers 16h00 \u00e0 Hannogne Saint R\u00e9my.<\/p>\n\n\n\n<p>Les \u00e9l\u00e8ves pourront d\u00e9jeuner au coll\u00e8ge pour le prix de 4 euros \u00e0 remettre \u00e0 Mme Barras plusieurs jours avant le d\u00e9part, merci.<\/p>\n","protected":false},"excerpt":{"rendered":"<p>La visite au coll\u00e8ge \u00e0 Ch\u00e2teau Porcien aura lieu le mardi 20 mai 2025 avec Madame Barras. Le transport s&rsquo;effectuera de l&rsquo;\u00e9cole en bus avec un d\u00e9part \u00e0 9h05 et un retour vers 16h00 \u00e0 Hannogne Saint R\u00e9my. Les \u00e9l\u00e8ves pourront d\u00e9jeuner au coll\u00e8ge pour le prix de 4 euros \u00e0 remettre \u00e0 Mme Barras [&hellip;]<\/p>\n","protected":false},"author":1,"featured_media":0,"comment_status":"closed","ping_status":"closed","sticky":false,"template":"","format":"standard","meta":{"ngg_post_thumbnail":0,"footnotes":""},"categories":[1,36],"tags":[],"_links":{"self":[{"href":"https:\/\/sitetab3.ac-reims.fr\/ec-hannogne-st-remy\/-wp-\/wp-json\/wp\/v2\/posts\/6041"}],"collection":[{"href":"https:\/\/sitetab3.ac-reims.fr\/ec-hannogne-st-remy\/-wp-\/wp-json\/wp\/v2\/posts"}],"about":[{"href":"https:\/\/sitetab3.ac-reims.fr\/ec-hannogne-st-remy\/-wp-\/wp-json\/wp\/v2\/types\/post"}],"author":[{"embeddable":true,"href":"https:\/\/sitetab3.ac-reims.fr\/ec-hannogne-st-remy\/-wp-\/wp-json\/wp\/v2\/users\/1"}],"replies":[{"embeddable":true,"href":"https:\/\/sitetab3.ac-reims.fr\/ec-hannogne-st-remy\/-wp-\/wp-json\/wp\/v2\/comments?post=6041"}],"version-history":[{"count":1,"href":"https:\/\/sitetab3.ac-reims.fr\/ec-hannogne-st-remy\/-wp-\/wp-json\/wp\/v2\/posts\/6041\/revisions"}],"predecessor-version":[{"id":6042,"href":"https:\/\/sitetab3.ac-reims.fr\/ec-hannogne-st-remy\/-wp-\/wp-json\/wp\/v2\/posts\/6041\/revisions\/6042"}],"wp:attachment":[{"href":"https:\/\/sitetab3.ac-reims.fr\/ec-hannogne-st-remy\/-wp-\/wp-json\/wp\/v2\/media?parent=6041"}],"wp:term":[{"taxonomy":"category","embeddable":true,"href":"https:\/\/sitetab3.ac-reims.fr\/ec-hannogne-st-remy\/-wp-\/wp-json\/wp\/v2\/categories?post=6041"},{"taxonomy":"post_tag","embeddable":true,"href":"https:\/\/sitetab3.ac-reims.fr\/ec-hannogne-st-remy\/-wp-\/wp-json\/wp\/v2\/tags?post=6041"}],"curies":[{"name":"wp","href":"https:\/\/api.w.org\/{rel}","templated":true}]}}