{"id":859,"date":"2023-09-10T23:59:49","date_gmt":"2023-09-10T21:59:49","guid":{"rendered":"http:\/\/sitetab3.ac-reims.fr\/ec-hannogne-st-remy\/-wp-\/?p=859"},"modified":"2024-09-19T23:27:48","modified_gmt":"2024-09-19T21:27:48","slug":"les-exercices-devacuation-en-cas-dincendie","status":"publish","type":"post","link":"https:\/\/sitetab3.ac-reims.fr\/ec-hannogne-st-remy\/-wp-\/les-exercices-devacuation-en-cas-dincendie\/","title":{"rendered":"les exercices d&rsquo;\u00e9vacuation en cas d&rsquo;incendie"},"content":{"rendered":"\n<p>P<strong>remier exercice d&rsquo;\u00e9vacuation incendie : lundi 23 septembre 2024 \u00e0 9h40<\/strong><\/p>\n\n\n<p>Les exercices d\u2019\u00e9vacuation incendie sont obligatoires et au nombre de deux au minimum au cours de l&rsquo;ann\u00e9e scolaire. Ces exercices d\u2019\u00e9vacuation incendie ont pour objectif :<br>-De familiariser les \u00e9l\u00e8ves et le personnel aux gestes et comportement \u00e0 adopter en cas de proc\u00e9dure d\u2019\u00e9vacuation incendie<br>-De d\u00e9couvrir le signal sonore de l\u2019alarme incendie install\u00e9e dans les locaux de l\u2019\u00e9cole<br>-De localiser les issues de secours, ainsi que le point de rassemblement<br>-De mettre en application les consignes de s\u00e9curit\u00e9 et ainsi en v\u00e9rifier les performances<br>-De passer en revue l\u2019\u00e9tat et la fonctionnalit\u00e9 de nos infrastructures<\/p>\n<p><strong>Le premier exercice \u00e9vacuation aura lieu le lundi 23 septembre 2024 \u00e0 9h40. Les \u00e9l\u00e8ves et le personnel seront pr\u00e9venus.<\/strong><\/p>","protected":false},"excerpt":{"rendered":"<p>Premier exercice d&rsquo;\u00e9vacuation incendie : lundi 23 septembre 2024 \u00e0 9h40 Les exercices d\u2019\u00e9vacuation incendie sont obligatoires et au nombre de deux au minimum au cours de l&rsquo;ann\u00e9e scolaire. Ces exercices d\u2019\u00e9vacuation incendie ont pour objectif :-De familiariser les \u00e9l\u00e8ves et le personnel aux gestes et comportement \u00e0 adopter en cas de proc\u00e9dure d\u2019\u00e9vacuation incendie-De [&hellip;]<\/p>\n","protected":false},"author":1,"featured_media":0,"comment_status":"closed","ping_status":"closed","sticky":false,"template":"","format":"standard","meta":{"ngg_post_thumbnail":0,"footnotes":""},"categories":[36,60],"tags":[],"_links":{"self":[{"href":"https:\/\/sitetab3.ac-reims.fr\/ec-hannogne-st-remy\/-wp-\/wp-json\/wp\/v2\/posts\/859"}],"collection":[{"href":"https:\/\/sitetab3.ac-reims.fr\/ec-hannogne-st-remy\/-wp-\/wp-json\/wp\/v2\/posts"}],"about":[{"href":"https:\/\/sitetab3.ac-reims.fr\/ec-hannogne-st-remy\/-wp-\/wp-json\/wp\/v2\/types\/post"}],"author":[{"embeddable":true,"href":"https:\/\/sitetab3.ac-reims.fr\/ec-hannogne-st-remy\/-wp-\/wp-json\/wp\/v2\/users\/1"}],"replies":[{"embeddable":true,"href":"https:\/\/sitetab3.ac-reims.fr\/ec-hannogne-st-remy\/-wp-\/wp-json\/wp\/v2\/comments?post=859"}],"version-history":[{"count":5,"href":"https:\/\/sitetab3.ac-reims.fr\/ec-hannogne-st-remy\/-wp-\/wp-json\/wp\/v2\/posts\/859\/revisions"}],"predecessor-version":[{"id":5344,"href":"https:\/\/sitetab3.ac-reims.fr\/ec-hannogne-st-remy\/-wp-\/wp-json\/wp\/v2\/posts\/859\/revisions\/5344"}],"wp:attachment":[{"href":"https:\/\/sitetab3.ac-reims.fr\/ec-hannogne-st-remy\/-wp-\/wp-json\/wp\/v2\/media?parent=859"}],"wp:term":[{"taxonomy":"category","embeddable":true,"href":"https:\/\/sitetab3.ac-reims.fr\/ec-hannogne-st-remy\/-wp-\/wp-json\/wp\/v2\/categories?post=859"},{"taxonomy":"post_tag","embeddable":true,"href":"https:\/\/sitetab3.ac-reims.fr\/ec-hannogne-st-remy\/-wp-\/wp-json\/wp\/v2\/tags?post=859"}],"curies":[{"name":"wp","href":"https:\/\/api.w.org\/{rel}","templated":true}]}}