{"id":186,"date":"2018-01-29T16:22:04","date_gmt":"2018-01-29T15:22:04","guid":{"rendered":"http:\/\/sitetab3.ac-reims.fr\/ec-juniville\/-wp-\/?p=186"},"modified":"2021-01-19T15:26:31","modified_gmt":"2021-01-19T14:26:31","slug":"admission-a-lecole-apres-linscription-aupres-de-la-communaute-de-communes","status":"publish","type":"post","link":"https:\/\/sitetab3.ac-reims.fr\/ec-juniville\/-wp-\/admission-a-lecole-apres-linscription-aupres-de-la-communaute-de-communes\/","title":{"rendered":"Admission \u00e0 l&rsquo;\u00e9cole apr\u00e8s l&rsquo;inscription aupr\u00e8s de la communaut\u00e9 de communes"},"content":{"rendered":"<p style=\"text-align: left;\" align=\"CENTER\">Votre enfant ne peut \u00eatre admis \u00e0 l&rsquo;\u00e9cole que si vous avez proc\u00e9d\u00e9 avant cela \u00e0 son inscription \u00e0 la communaut\u00e9 de communes du Pays Reth\u00e9lois, soit :<\/p>\n<p>_<span style=\"font-size: large;\"> \u00e0 la maison relais de\u00a0 JUNIVILLE : 03.24.72.72.76 (15 avenue des \u00e9coles) aux horaires suivants :<\/span><\/p>\n<p><span style=\"text-decoration: underline;\">Matin<\/span>\u00a0: Lundi, mercredi et vendredi de 8h30 \u00e0 12h\u00a0; mardi et jeudi de 8h30 \u00e0 10h<\/p>\n<p><span style=\"text-decoration: underline;\">Apr\u00e8s-midi\u00a0<\/span>: lundi et mardi de 13h30 \u00e0 17h30 et vendredi de 13h30 \u00e0 17h<\/p>\n<p>OU<\/p>\n<p><span style=\"font-size: 14pt;\">_aux bureaux de la \u00ab\u00a0<b>Communaut\u00e9 de Communes du Pays Reth\u00e9lois<\/b><\/span><span style=\"font-size: large;\"><span style=\"font-size: 14pt;\">\u00a0\u00bbdu Lundi au Vendredi de 9h \u00e0 12h \u00e0 SAULT-LES-RETHEL\u00a0: 03.52.10.01.14 (30 avenue Bourgoin)<\/span> <\/span><\/p>\n","protected":false},"excerpt":{"rendered":"<p>Votre enfant ne peut \u00eatre admis \u00e0 l&rsquo;\u00e9cole que si vous avez proc\u00e9d\u00e9 avant cela \u00e0 son inscription \u00e0 la communaut\u00e9 de communes du Pays Reth\u00e9lois, soit : _ \u00e0 la maison relais de\u00a0 JUNIVILLE : 03.24.72.72.76 (15 avenue des \u00e9coles) aux horaires suivants : Matin\u00a0: Lundi, mercredi et vendredi de 8h30 \u00e0 12h\u00a0; mardi [&hellip;]<\/p>\n","protected":false},"author":1,"featured_media":0,"comment_status":"open","ping_status":"open","sticky":false,"template":"","format":"standard","meta":{"ngg_post_thumbnail":0,"footnotes":""},"categories":[27],"tags":[],"_links":{"self":[{"href":"https:\/\/sitetab3.ac-reims.fr\/ec-juniville\/-wp-\/wp-json\/wp\/v2\/posts\/186"}],"collection":[{"href":"https:\/\/sitetab3.ac-reims.fr\/ec-juniville\/-wp-\/wp-json\/wp\/v2\/posts"}],"about":[{"href":"https:\/\/sitetab3.ac-reims.fr\/ec-juniville\/-wp-\/wp-json\/wp\/v2\/types\/post"}],"author":[{"embeddable":true,"href":"https:\/\/sitetab3.ac-reims.fr\/ec-juniville\/-wp-\/wp-json\/wp\/v2\/users\/1"}],"replies":[{"embeddable":true,"href":"https:\/\/sitetab3.ac-reims.fr\/ec-juniville\/-wp-\/wp-json\/wp\/v2\/comments?post=186"}],"version-history":[{"count":4,"href":"https:\/\/sitetab3.ac-reims.fr\/ec-juniville\/-wp-\/wp-json\/wp\/v2\/posts\/186\/revisions"}],"predecessor-version":[{"id":3438,"href":"https:\/\/sitetab3.ac-reims.fr\/ec-juniville\/-wp-\/wp-json\/wp\/v2\/posts\/186\/revisions\/3438"}],"wp:attachment":[{"href":"https:\/\/sitetab3.ac-reims.fr\/ec-juniville\/-wp-\/wp-json\/wp\/v2\/media?parent=186"}],"wp:term":[{"taxonomy":"category","embeddable":true,"href":"https:\/\/sitetab3.ac-reims.fr\/ec-juniville\/-wp-\/wp-json\/wp\/v2\/categories?post=186"},{"taxonomy":"post_tag","embeddable":true,"href":"https:\/\/sitetab3.ac-reims.fr\/ec-juniville\/-wp-\/wp-json\/wp\/v2\/tags?post=186"}],"curies":[{"name":"wp","href":"https:\/\/api.w.org\/{rel}","templated":true}]}}