{"id":251,"date":"2018-02-13T12:22:04","date_gmt":"2018-02-13T11:22:04","guid":{"rendered":"http:\/\/sitetab3.ac-reims.fr\/ec-juniville\/-wp-\/?p=251"},"modified":"2019-07-31T15:35:47","modified_gmt":"2019-07-31T13:35:47","slug":"qui-sommes-nous","status":"publish","type":"post","link":"https:\/\/sitetab3.ac-reims.fr\/ec-juniville\/-wp-\/qui-sommes-nous\/","title":{"rendered":"Qui sommes- nous ?"},"content":{"rendered":"<p>Notre association\u00a0a pour but de financer en partie les voyages, les sorties scolaires des enfants du p\u00f4le scolaire, les cadeaux, les chocolats que le P\u00e8re No\u00ebl passe distribuer \u00e0 l&rsquo;\u00e9cole&#8230;<\/p>\n<p><!--more--><\/p>\n<p>Nous effectuons lors d&rsquo;une ann\u00e9e scolaire deux grosses manifestations \u00ab\u00a0La Journ\u00e9e des <span id=\"gmail-:qc.39\" tabindex=\"-1\">Ecoliers<\/span>\u00a0\u00bb et \u00ab\u00a0La F\u00eate de l&rsquo;\u00e9cole\u00a0\u00bb&#8230;<br \/>\nNous organisons des ventes de chocolats pour No\u00ebl et P\u00e2ques, et participons \u00e0 l&rsquo;arbre de No\u00ebl de la commune&#8230;<\/p>\n<p>Cette ann\u00e9e 2017-2018, nous avons financer 1000\u20ac pour l&rsquo;int\u00e9gralit\u00e9 du spectacle de marionnettes dans le cadre du festival des marionnettes.<\/p>\n<p>Nos subventions pour cette ann\u00e9e scolaire 2017-2018 sont :<br \/>\n&#8211; Voyages sans nuit\u00e9e 120\u20ac par classe<br \/>\n&#8211; Voyages avec nuit\u00e9e 180\u20ac par classe<br \/>\n&#8211; Cadeaux offerts par le P\u00e8re No\u00ebl 20\u20ac par classe<\/p>\n<p>Nos subventions pour cette ann\u00e9e scolaire 2018-2019 sont :<br \/>\n&#8211; Voyages sans nuit\u00e9e 200\u20ac par classe<br \/>\n&#8211; Voyages avec nuit\u00e9e 350\u20ac par classe<br \/>\n&#8211; Cadeaux offerts par le P\u00e8re No\u00ebl 20\u20ac par classe<\/p>\n<p>Le temps et l&rsquo;\u00e9nergie que chacun consacre \u00e0 la r\u00e9alisation de ces actions donnent d&rsquo;excellents r\u00e9sultats nous permettant d&rsquo;augmenter les subventions, de proposer de nouvelles offres et ainsi, de faire plaisir aux enfants et \u00e0 leurs parents.<\/p>\n<p>N&rsquo;h\u00e9sitez pas \u00e0 venir nous rejoindre&#8230;<\/p>\n<p>Les membres de l&rsquo;association Les <span id=\"gmail-:qc.42\" tabindex=\"-1\">Ecoliers<\/span> <span id=\"gmail-:qc.43\" tabindex=\"-1\">Verlaine:<\/span><br \/>\nPr\u00e9sident : <span id=\"gmail-:qc.44\" tabindex=\"-1\">Boutry<\/span> <span id=\"gmail-:qc.45\" tabindex=\"-1\">Laurent<\/span> : 06 28 28 00 62<br \/>\nVice-pr\u00e9sident :<br \/>\nSecr\u00e9taire : <span id=\"gmail-:qc.48\" tabindex=\"-1\">Elsan<\/span> <span id=\"gmail-:qc.49\" tabindex=\"-1\">Brigitte<\/span><br \/>\nSecr\u00e9taire adjointe :<br \/>\nTr\u00e9sorier :<br \/>\nTr\u00e9sorier adjoint : <span id=\"gmail-:qc.54\" tabindex=\"-1\">Lapoulle<\/span> <span id=\"gmail-:qc.55\" tabindex=\"-1\">Cyrille<\/span><\/p>\n<div>\n<div>\n<div>\n<div><\/div>\n<div>Contact par mail <a title=\"Composer un message \u00e0 lesecoliersverlaine@live.fr\">lesecoliersverlaine@live.fr<\/a> ou sur notre page Facebook Paul Les \u00c9coliers Verlaine<\/div>\n<div><\/div>\n<\/div>\n<\/div>\n<div style=\"text-align: center;\">M. Boutry, pr\u00e9sident de l&rsquo;association<\/div>\n<\/div>\n","protected":false},"excerpt":{"rendered":"<p>Notre association\u00a0a pour but de financer en partie les voyages, les sorties scolaires des enfants du p\u00f4le scolaire, les cadeaux, les chocolats que le P\u00e8re No\u00ebl passe distribuer \u00e0 l&rsquo;\u00e9cole&#8230;<\/p>\n","protected":false},"author":1,"featured_media":0,"comment_status":"open","ping_status":"open","sticky":false,"template":"","format":"standard","meta":{"ngg_post_thumbnail":0,"footnotes":""},"categories":[22],"tags":[],"_links":{"self":[{"href":"https:\/\/sitetab3.ac-reims.fr\/ec-juniville\/-wp-\/wp-json\/wp\/v2\/posts\/251"}],"collection":[{"href":"https:\/\/sitetab3.ac-reims.fr\/ec-juniville\/-wp-\/wp-json\/wp\/v2\/posts"}],"about":[{"href":"https:\/\/sitetab3.ac-reims.fr\/ec-juniville\/-wp-\/wp-json\/wp\/v2\/types\/post"}],"author":[{"embeddable":true,"href":"https:\/\/sitetab3.ac-reims.fr\/ec-juniville\/-wp-\/wp-json\/wp\/v2\/users\/1"}],"replies":[{"embeddable":true,"href":"https:\/\/sitetab3.ac-reims.fr\/ec-juniville\/-wp-\/wp-json\/wp\/v2\/comments?post=251"}],"version-history":[{"count":4,"href":"https:\/\/sitetab3.ac-reims.fr\/ec-juniville\/-wp-\/wp-json\/wp\/v2\/posts\/251\/revisions"}],"predecessor-version":[{"id":1147,"href":"https:\/\/sitetab3.ac-reims.fr\/ec-juniville\/-wp-\/wp-json\/wp\/v2\/posts\/251\/revisions\/1147"}],"wp:attachment":[{"href":"https:\/\/sitetab3.ac-reims.fr\/ec-juniville\/-wp-\/wp-json\/wp\/v2\/media?parent=251"}],"wp:term":[{"taxonomy":"category","embeddable":true,"href":"https:\/\/sitetab3.ac-reims.fr\/ec-juniville\/-wp-\/wp-json\/wp\/v2\/categories?post=251"},{"taxonomy":"post_tag","embeddable":true,"href":"https:\/\/sitetab3.ac-reims.fr\/ec-juniville\/-wp-\/wp-json\/wp\/v2\/tags?post=251"}],"curies":[{"name":"wp","href":"https:\/\/api.w.org\/{rel}","templated":true}]}}