{"id":342,"date":"2018-02-20T18:12:07","date_gmt":"2018-02-20T17:12:07","guid":{"rendered":"http:\/\/sitetab3.ac-reims.fr\/ec-juniville\/-wp-\/?p=342"},"modified":"2018-02-20T18:18:01","modified_gmt":"2018-02-20T17:18:01","slug":"visite-guidee-des-locaux-frequentes-par-les-eleves-de-petite-section","status":"publish","type":"post","link":"https:\/\/sitetab3.ac-reims.fr\/ec-juniville\/-wp-\/visite-guidee-des-locaux-frequentes-par-les-eleves-de-petite-section\/","title":{"rendered":"Visite guid\u00e9e des locaux fr\u00e9quent\u00e9s par les \u00e9l\u00e8ves de Petite Section"},"content":{"rendered":"<p>Voici en quelques photos un aper\u00e7u des locaux que fr\u00e9quente ou fr\u00e9quentera votre enfant scolaris\u00e9 en Petite Section:<\/p>\n<p>_ le hall de la maternelle<\/p>\n<p><a href=\"http:\/\/sitetab3.ac-reims.fr\/ec-juniville\/-wp-\/wp-content\/uploads\/DSCN6559.jpg\"><img loading=\"lazy\" decoding=\"async\" class=\"alignnone size-full wp-image-346\" src=\"http:\/\/sitetab3.ac-reims.fr\/ec-juniville\/-wp-\/wp-content\/uploads\/DSCN6559.jpg\" alt=\"\" width=\"320\" height=\"240\" srcset=\"https:\/\/sitetab3.ac-reims.fr\/ec-juniville\/-wp-\/wp-content\/uploads\/DSCN6559.jpg 320w, https:\/\/sitetab3.ac-reims.fr\/ec-juniville\/-wp-\/wp-content\/uploads\/DSCN6559-300x225.jpg 300w\" sizes=\"(max-width: 320px) 100vw, 320px\" \/><\/a><\/p>\n<p><a href=\"http:\/\/sitetab3.ac-reims.fr\/ec-juniville\/-wp-\/wp-content\/uploads\/DSCN6558.jpg\"><img loading=\"lazy\" decoding=\"async\" class=\"alignnone size-full wp-image-345\" src=\"http:\/\/sitetab3.ac-reims.fr\/ec-juniville\/-wp-\/wp-content\/uploads\/DSCN6558.jpg\" alt=\"\" width=\"320\" height=\"240\" srcset=\"https:\/\/sitetab3.ac-reims.fr\/ec-juniville\/-wp-\/wp-content\/uploads\/DSCN6558.jpg 320w, https:\/\/sitetab3.ac-reims.fr\/ec-juniville\/-wp-\/wp-content\/uploads\/DSCN6558-300x225.jpg 300w\" sizes=\"(max-width: 320px) 100vw, 320px\" \/><\/a>\u00a0<!--more--><\/p>\n<p>_ les 2 classes pouvant accueillir des \u00e9l\u00e8ves de Petite Section<\/p>\n<p><a href=\"http:\/\/sitetab3.ac-reims.fr\/ec-juniville\/-wp-\/wp-content\/uploads\/DSCN6561.jpg\"><img loading=\"lazy\" decoding=\"async\" class=\"alignnone size-full wp-image-348\" src=\"http:\/\/sitetab3.ac-reims.fr\/ec-juniville\/-wp-\/wp-content\/uploads\/DSCN6561.jpg\" alt=\"\" width=\"320\" height=\"240\" srcset=\"https:\/\/sitetab3.ac-reims.fr\/ec-juniville\/-wp-\/wp-content\/uploads\/DSCN6561.jpg 320w, https:\/\/sitetab3.ac-reims.fr\/ec-juniville\/-wp-\/wp-content\/uploads\/DSCN6561-300x225.jpg 300w\" sizes=\"(max-width: 320px) 100vw, 320px\" \/><\/a><\/p>\n<p><a href=\"http:\/\/sitetab3.ac-reims.fr\/ec-juniville\/-wp-\/wp-content\/uploads\/DSCN6562.jpg\"><img loading=\"lazy\" decoding=\"async\" class=\"alignnone size-full wp-image-349\" src=\"http:\/\/sitetab3.ac-reims.fr\/ec-juniville\/-wp-\/wp-content\/uploads\/DSCN6562.jpg\" alt=\"\" width=\"320\" height=\"240\" srcset=\"https:\/\/sitetab3.ac-reims.fr\/ec-juniville\/-wp-\/wp-content\/uploads\/DSCN6562.jpg 320w, https:\/\/sitetab3.ac-reims.fr\/ec-juniville\/-wp-\/wp-content\/uploads\/DSCN6562-300x225.jpg 300w\" sizes=\"(max-width: 320px) 100vw, 320px\" \/><\/a><\/p>\n<p>&nbsp;<\/p>\n<p>_ les sanitaires<\/p>\n<p><a href=\"http:\/\/sitetab3.ac-reims.fr\/ec-juniville\/-wp-\/wp-content\/uploads\/DSCN6560.jpg\"><img loading=\"lazy\" decoding=\"async\" class=\"alignnone size-full wp-image-347\" src=\"http:\/\/sitetab3.ac-reims.fr\/ec-juniville\/-wp-\/wp-content\/uploads\/DSCN6560.jpg\" alt=\"\" width=\"320\" height=\"240\" srcset=\"https:\/\/sitetab3.ac-reims.fr\/ec-juniville\/-wp-\/wp-content\/uploads\/DSCN6560.jpg 320w, https:\/\/sitetab3.ac-reims.fr\/ec-juniville\/-wp-\/wp-content\/uploads\/DSCN6560-300x225.jpg 300w\" sizes=\"(max-width: 320px) 100vw, 320px\" \/><\/a><\/p>\n<p>&nbsp;<\/p>\n<p>_ le dortoir<\/p>\n<p><a href=\"http:\/\/sitetab3.ac-reims.fr\/ec-juniville\/-wp-\/wp-content\/uploads\/DSCN6563.jpg\"><img loading=\"lazy\" decoding=\"async\" class=\"alignnone size-full wp-image-350\" src=\"http:\/\/sitetab3.ac-reims.fr\/ec-juniville\/-wp-\/wp-content\/uploads\/DSCN6563.jpg\" alt=\"\" width=\"320\" height=\"240\" srcset=\"https:\/\/sitetab3.ac-reims.fr\/ec-juniville\/-wp-\/wp-content\/uploads\/DSCN6563.jpg 320w, https:\/\/sitetab3.ac-reims.fr\/ec-juniville\/-wp-\/wp-content\/uploads\/DSCN6563-300x225.jpg 300w\" sizes=\"(max-width: 320px) 100vw, 320px\" \/><\/a><\/p>\n<p>&nbsp;<\/p>\n<p>_ la salle d&rsquo;\u00e9volution<\/p>\n<p><a href=\"http:\/\/sitetab3.ac-reims.fr\/ec-juniville\/-wp-\/wp-content\/uploads\/DSCN6557.jpg\"><img loading=\"lazy\" decoding=\"async\" class=\"alignnone size-full wp-image-344\" src=\"http:\/\/sitetab3.ac-reims.fr\/ec-juniville\/-wp-\/wp-content\/uploads\/DSCN6557.jpg\" alt=\"\" width=\"320\" height=\"240\" srcset=\"https:\/\/sitetab3.ac-reims.fr\/ec-juniville\/-wp-\/wp-content\/uploads\/DSCN6557.jpg 320w, https:\/\/sitetab3.ac-reims.fr\/ec-juniville\/-wp-\/wp-content\/uploads\/DSCN6557-300x225.jpg 300w\" sizes=\"(max-width: 320px) 100vw, 320px\" \/><\/a><\/p>\n<p>&nbsp;<\/p>\n<p>_ la cour de r\u00e9cr\u00e9ation<\/p>\n<p><a href=\"http:\/\/sitetab3.ac-reims.fr\/ec-juniville\/-wp-\/wp-content\/uploads\/DSCN6556.jpg\"><img loading=\"lazy\" decoding=\"async\" class=\"alignnone size-full wp-image-343\" src=\"http:\/\/sitetab3.ac-reims.fr\/ec-juniville\/-wp-\/wp-content\/uploads\/DSCN6556.jpg\" alt=\"\" width=\"320\" height=\"240\" srcset=\"https:\/\/sitetab3.ac-reims.fr\/ec-juniville\/-wp-\/wp-content\/uploads\/DSCN6556.jpg 320w, https:\/\/sitetab3.ac-reims.fr\/ec-juniville\/-wp-\/wp-content\/uploads\/DSCN6556-300x225.jpg 300w\" sizes=\"(max-width: 320px) 100vw, 320px\" \/><\/a><\/p>\n<p>Cela donne envie de venir et m\u00eame de redevenir un \u00e9l\u00e8ve de Petite Section.<\/p>\n","protected":false},"excerpt":{"rendered":"<p>Voici en quelques photos un aper\u00e7u des locaux que fr\u00e9quente ou fr\u00e9quentera votre enfant scolaris\u00e9 en Petite Section: _ le hall de la maternelle \u00a0<\/p>\n","protected":false},"author":1,"featured_media":0,"comment_status":"open","ping_status":"open","sticky":false,"template":"","format":"standard","meta":{"ngg_post_thumbnail":0,"footnotes":""},"categories":[30],"tags":[],"_links":{"self":[{"href":"https:\/\/sitetab3.ac-reims.fr\/ec-juniville\/-wp-\/wp-json\/wp\/v2\/posts\/342"}],"collection":[{"href":"https:\/\/sitetab3.ac-reims.fr\/ec-juniville\/-wp-\/wp-json\/wp\/v2\/posts"}],"about":[{"href":"https:\/\/sitetab3.ac-reims.fr\/ec-juniville\/-wp-\/wp-json\/wp\/v2\/types\/post"}],"author":[{"embeddable":true,"href":"https:\/\/sitetab3.ac-reims.fr\/ec-juniville\/-wp-\/wp-json\/wp\/v2\/users\/1"}],"replies":[{"embeddable":true,"href":"https:\/\/sitetab3.ac-reims.fr\/ec-juniville\/-wp-\/wp-json\/wp\/v2\/comments?post=342"}],"version-history":[{"count":5,"href":"https:\/\/sitetab3.ac-reims.fr\/ec-juniville\/-wp-\/wp-json\/wp\/v2\/posts\/342\/revisions"}],"predecessor-version":[{"id":356,"href":"https:\/\/sitetab3.ac-reims.fr\/ec-juniville\/-wp-\/wp-json\/wp\/v2\/posts\/342\/revisions\/356"}],"wp:attachment":[{"href":"https:\/\/sitetab3.ac-reims.fr\/ec-juniville\/-wp-\/wp-json\/wp\/v2\/media?parent=342"}],"wp:term":[{"taxonomy":"category","embeddable":true,"href":"https:\/\/sitetab3.ac-reims.fr\/ec-juniville\/-wp-\/wp-json\/wp\/v2\/categories?post=342"},{"taxonomy":"post_tag","embeddable":true,"href":"https:\/\/sitetab3.ac-reims.fr\/ec-juniville\/-wp-\/wp-json\/wp\/v2\/tags?post=342"}],"curies":[{"name":"wp","href":"https:\/\/api.w.org\/{rel}","templated":true}]}}