{"id":3503,"date":"2025-09-01T08:19:00","date_gmt":"2025-09-01T06:19:00","guid":{"rendered":"http:\/\/sitetab3.ac-reims.fr\/ec-juniville\/-wp-\/?p=3503"},"modified":"2025-06-13T14:30:48","modified_gmt":"2025-06-13T12:30:48","slug":"modification-de-circulation-de-la-rue-chanteraine","status":"publish","type":"post","link":"https:\/\/sitetab3.ac-reims.fr\/ec-juniville\/-wp-\/modification-de-circulation-de-la-rue-chanteraine\/","title":{"rendered":"Circulation aux abords de l&rsquo;\u00e9cole et reprise des \u00e9l\u00e8ves"},"content":{"rendered":"<p>Mesdames, Messieurs,<\/p>\n<div>Des panneaux lumineux ont \u00e9t\u00e9 install\u00e9s par la commune de Juniville afin <span style=\"color: #ff0000;\">d&rsquo;interdire l&rsquo;acc\u00e8s de la rue Chanteraine<\/span> aux abords de l&rsquo;\u00e9cole <span style=\"color: #ff0000;\">aux horaires de sortie mais \u00e9galement d&rsquo;entr\u00e9e<\/span> .<\/div>\n<div>Ainsi, il est&nbsp; interdit de circuler de :<\/div>\n<div><span style=\"color: #0000ff;\">_ 8h45 \u00e0 9h15<\/span><\/div>\n<div><span style=\"color: #0000ff;\">_ 11h45 \u00e0 12h15<\/span><\/div>\n<div><span style=\"color: #0000ff;\">_ 13h15 \u00e0 13h45<\/span><\/div>\n<div><span style=\"color: #0000ff;\">_ 16h15 \u00e0 16h45<\/span><\/div>\n<div>Je vous remercie par avance de communiquer ceci \u00e0 toute personne qui serait amen\u00e9e \u00e0 venir \u00e0 l&rsquo;\u00e9cole.<\/div>\n<div>&nbsp;<\/div>\n<div>Concernant la reprise des \u00e9l\u00e8ves, vous veillerez \u00e0 16h30 \u00e0&nbsp; <strong>attendre votre enfant en laissant l&rsquo;acc\u00e8s bus libre<\/strong> afin de faciliter le d\u00e9placement des \u00e9l\u00e8ves usagers des transports scolaires . Pour cela, il vous suffit de vous positionner \u00e0 gauche de la voie marqu\u00e9e au sol.<\/div>\n<div>En comptant sur votre pr\u00e9cieuse aide.<\/div>\n","protected":false},"excerpt":{"rendered":"<p>Mesdames, Messieurs, Des panneaux lumineux ont \u00e9t\u00e9 install\u00e9s par la commune de Juniville afin d&rsquo;interdire l&rsquo;acc\u00e8s de la rue Chanteraine aux abords de l&rsquo;\u00e9cole aux horaires de sortie mais \u00e9galement d&rsquo;entr\u00e9e . Ainsi, il est&nbsp; interdit de circuler de : _ 8h45 \u00e0 9h15 _ 11h45 \u00e0 12h15 _ 13h15 \u00e0 13h45 _ 16h15 \u00e0 [&hellip;]<\/p>\n","protected":false},"author":1,"featured_media":0,"comment_status":"open","ping_status":"open","sticky":false,"template":"","format":"standard","meta":{"ngg_post_thumbnail":0,"footnotes":""},"categories":[28,25],"tags":[],"_links":{"self":[{"href":"https:\/\/sitetab3.ac-reims.fr\/ec-juniville\/-wp-\/wp-json\/wp\/v2\/posts\/3503"}],"collection":[{"href":"https:\/\/sitetab3.ac-reims.fr\/ec-juniville\/-wp-\/wp-json\/wp\/v2\/posts"}],"about":[{"href":"https:\/\/sitetab3.ac-reims.fr\/ec-juniville\/-wp-\/wp-json\/wp\/v2\/types\/post"}],"author":[{"embeddable":true,"href":"https:\/\/sitetab3.ac-reims.fr\/ec-juniville\/-wp-\/wp-json\/wp\/v2\/users\/1"}],"replies":[{"embeddable":true,"href":"https:\/\/sitetab3.ac-reims.fr\/ec-juniville\/-wp-\/wp-json\/wp\/v2\/comments?post=3503"}],"version-history":[{"count":3,"href":"https:\/\/sitetab3.ac-reims.fr\/ec-juniville\/-wp-\/wp-json\/wp\/v2\/posts\/3503\/revisions"}],"predecessor-version":[{"id":5188,"href":"https:\/\/sitetab3.ac-reims.fr\/ec-juniville\/-wp-\/wp-json\/wp\/v2\/posts\/3503\/revisions\/5188"}],"wp:attachment":[{"href":"https:\/\/sitetab3.ac-reims.fr\/ec-juniville\/-wp-\/wp-json\/wp\/v2\/media?parent=3503"}],"wp:term":[{"taxonomy":"category","embeddable":true,"href":"https:\/\/sitetab3.ac-reims.fr\/ec-juniville\/-wp-\/wp-json\/wp\/v2\/categories?post=3503"},{"taxonomy":"post_tag","embeddable":true,"href":"https:\/\/sitetab3.ac-reims.fr\/ec-juniville\/-wp-\/wp-json\/wp\/v2\/tags?post=3503"}],"curies":[{"name":"wp","href":"https:\/\/api.w.org\/{rel}","templated":true}]}}