{"id":4454,"date":"2025-08-31T07:15:00","date_gmt":"2025-08-31T05:15:00","guid":{"rendered":"https:\/\/sitetab3.ac-reims.fr\/ec-juniville\/-wp-\/?p=4454"},"modified":"2025-07-28T19:01:05","modified_gmt":"2025-07-28T17:01:05","slug":"elections-des-representants-des-parents-deleves-le-vendredi-7-octobre","status":"publish","type":"post","link":"https:\/\/sitetab3.ac-reims.fr\/ec-juniville\/-wp-\/elections-des-representants-des-parents-deleves-le-vendredi-7-octobre\/","title":{"rendered":"\u00c9lections des repr\u00e9sentants des parents d&rsquo;\u00e9l\u00e8ves le vendredi 10 octobre"},"content":{"rendered":"\n<p>Si vous souhaitez vous pr\u00e9senter en tant que repr\u00e9sentants des parents d&rsquo;\u00e9l\u00e8ves du p\u00f4le scolaire , merci de prendre contact aupr\u00e8s de la directrice du p\u00f4le scolaire, Mme Fiqu\u00e9mont tout en respectant le calendrier ci-dessous :<\/p>\n\n\n\n<div data-wp-interactive=\"core\/file\" class=\"wp-block-file\"><object data-wp-bind--hidden=\"!state.hasPdfPreview\"  class=\"wp-block-file__embed\" data=\"https:\/\/sitetab3.ac-reims.fr\/ec-juniville\/-wp-\/wp-content\/uploads\/calendrier-des-elections-des-representants-de-parents-deleves.pdf\" type=\"application\/pdf\" style=\"width:100%;height:600px\" aria-label=\"Contenu embarqu\u00e9 calendrier-des-elections-des-representants-de-parents-deleves.\"><\/object><a id=\"wp-block-file--media-4686da54-5155-4c33-804a-f0b4d4176e2c\" href=\"https:\/\/sitetab3.ac-reims.fr\/ec-juniville\/-wp-\/wp-content\/uploads\/calendrier-des-elections-des-representants-de-parents-deleves.pdf\">calendrier-des-elections-des-representants-de-parents-deleves<\/a><a href=\"https:\/\/sitetab3.ac-reims.fr\/ec-juniville\/-wp-\/wp-content\/uploads\/calendrier-des-elections-des-representants-de-parents-deleves.pdf\" class=\"wp-block-file__button wp-element-button\" download aria-describedby=\"wp-block-file--media-4686da54-5155-4c33-804a-f0b4d4176e2c\">T\u00e9l\u00e9charger<\/a><\/div>\n\n\n\n<p>Le vendredi 10 octobre, le vote se fera exclusivement par correspondance et les modalit\u00e9s de ce vote fera l&rsquo;objet d&rsquo;un article le vendredi 3 octobre, jour o\u00f9 vous sera remis le mat\u00e9riel de vote.<\/p>\n\n\n\n<h2 class=\"wp-block-heading\" id=\"comment-voter\">Comment se pr\u00e9senter aux \u00e9lections des parents d&rsquo;\u00e9l\u00e8ves ?<\/h2>\n\n\n\n<p>Pour se pr\u00e9senter, les parents s&rsquo;adressent \u00e0 la directrice de l&rsquo;\u00e9cole pour faire \u00e9tat de leur candidature et remplissent deux annexes pour officialiser celle- ci.<\/p>\n\n\n\n<h2 class=\"wp-block-heading\" id=\"comment-se-presenter\">Qui peut devenir repr\u00e9sentant des parents d&rsquo;\u00e9l\u00e8ves ?<\/h2>\n\n\n\n<p>Pour se pr\u00e9senter, il faut naturellement \u00eatre soi-m\u00eame parent d&rsquo;\u00e9l\u00e8ve. Le candidat doit ainsi exercer l&rsquo;<a href=\"https:\/\/droit-finances.commentcamarche.com\/famille\/guide-famille\/83-autorite-parentale-definition-retrait-delegation-et-partage\/\">autorit\u00e9 parentale<\/a> sur un enfant de l&rsquo;\u00e9cole o\u00f9 l&rsquo;\u00e9lection a lieu. Il doit \u00e9galement \u00eatre inscrit sur une liste \u00e9lectorale. Cette liste peut \u00eatre affili\u00e9e \u00e0 une association ou une f\u00e9d\u00e9ration de parents d&rsquo;\u00e9l\u00e8ves mais il peut \u00e9galement s&rsquo;agir d&rsquo;une liste ind\u00e9pendante.<\/p>\n\n\n\n<h2 class=\"wp-block-heading\" id=\"role\">Quel est le r\u00f4le des repr\u00e9sentants des parents d&rsquo;\u00e9l\u00e8ves ?<\/h2>\n\n\n\n<p>Le r\u00f4le des repr\u00e9sentants des parents d&rsquo;\u00e9l\u00e8ve est de participer aux conseils d&rsquo;\u00e9cole dans lesquels ils ont voix d\u00e9lib\u00e9ratives. Ils peuvent ainsi donner leur avis sur la s\u00e9curit\u00e9 des enfants, la restauration scolaire, l&rsquo;hygi\u00e8ne&#8230; A ce titre, les repr\u00e9sentants des parents d&rsquo;\u00e9l\u00e8ves ont une relation privil\u00e9gi\u00e9e avec les membres de la communaut\u00e9 \u00e9ducative (dont les enseignants).<\/p>\n\n\n\n<h2 class=\"wp-block-heading\" id=\"comment-voter\">Combien de fois se r\u00e9unit le conseil d&rsquo;\u00e9cole ?<\/h2>\n\n\n\n<p> Le conseil d&rsquo;\u00e9cole se r\u00e9unit une fois par trimestre . Le premier conseil d&rsquo;\u00e9cole doit avoir lieu dans le mois qui pr\u00e9c\u00e8de les \u00e9lections .    <\/p>\n","protected":false},"excerpt":{"rendered":"<p>Si vous souhaitez vous pr\u00e9senter en tant que repr\u00e9sentants des parents d&rsquo;\u00e9l\u00e8ves du p\u00f4le scolaire , merci de prendre contact aupr\u00e8s de la directrice du p\u00f4le scolaire, Mme Fiqu\u00e9mont tout en respectant le calendrier ci-dessous : Le vendredi 10 octobre, le vote se fera exclusivement par correspondance et les modalit\u00e9s de ce vote fera l&rsquo;objet [&hellip;]<\/p>\n","protected":false},"author":1,"featured_media":0,"comment_status":"closed","ping_status":"open","sticky":false,"template":"","format":"standard","meta":{"ngg_post_thumbnail":0,"footnotes":""},"categories":[28,25],"tags":[],"_links":{"self":[{"href":"https:\/\/sitetab3.ac-reims.fr\/ec-juniville\/-wp-\/wp-json\/wp\/v2\/posts\/4454"}],"collection":[{"href":"https:\/\/sitetab3.ac-reims.fr\/ec-juniville\/-wp-\/wp-json\/wp\/v2\/posts"}],"about":[{"href":"https:\/\/sitetab3.ac-reims.fr\/ec-juniville\/-wp-\/wp-json\/wp\/v2\/types\/post"}],"author":[{"embeddable":true,"href":"https:\/\/sitetab3.ac-reims.fr\/ec-juniville\/-wp-\/wp-json\/wp\/v2\/users\/1"}],"replies":[{"embeddable":true,"href":"https:\/\/sitetab3.ac-reims.fr\/ec-juniville\/-wp-\/wp-json\/wp\/v2\/comments?post=4454"}],"version-history":[{"count":9,"href":"https:\/\/sitetab3.ac-reims.fr\/ec-juniville\/-wp-\/wp-json\/wp\/v2\/posts\/4454\/revisions"}],"predecessor-version":[{"id":6022,"href":"https:\/\/sitetab3.ac-reims.fr\/ec-juniville\/-wp-\/wp-json\/wp\/v2\/posts\/4454\/revisions\/6022"}],"wp:attachment":[{"href":"https:\/\/sitetab3.ac-reims.fr\/ec-juniville\/-wp-\/wp-json\/wp\/v2\/media?parent=4454"}],"wp:term":[{"taxonomy":"category","embeddable":true,"href":"https:\/\/sitetab3.ac-reims.fr\/ec-juniville\/-wp-\/wp-json\/wp\/v2\/categories?post=4454"},{"taxonomy":"post_tag","embeddable":true,"href":"https:\/\/sitetab3.ac-reims.fr\/ec-juniville\/-wp-\/wp-json\/wp\/v2\/tags?post=4454"}],"curies":[{"name":"wp","href":"https:\/\/api.w.org\/{rel}","templated":true}]}}