{"id":4483,"date":"2025-09-01T01:18:00","date_gmt":"2025-08-31T23:18:00","guid":{"rendered":"https:\/\/sitetab3.ac-reims.fr\/ec-juniville\/-wp-\/?p=4483"},"modified":"2025-06-13T14:30:36","modified_gmt":"2025-06-13T12:30:36","slug":"charte-de-la-laicite-a-lecole","status":"publish","type":"post","link":"https:\/\/sitetab3.ac-reims.fr\/ec-juniville\/-wp-\/charte-de-la-laicite-a-lecole\/","title":{"rendered":"Charte de la la\u00efcit\u00e9 \u00e0 l&rsquo;\u00e9cole"},"content":{"rendered":"\n<p>Madame, Monsieur, <\/p>\n\n\n\n<p>Vous voudrez bien prendre connaissance de la charte de la la\u00efcit\u00e9 \u00e0 l&rsquo;\u00e9cole ci- dessous et signer dans le tableau de communication de votre enfant a\u00een\u00e9 au p\u00f4le scolaire la ligne de l&rsquo;article paru en date du  15 \/09.<\/p>\n\n\n\n<div class=\"wp-block-file\"><a href=\"https:\/\/sitetab3.ac-reims.fr\/ec-juniville\/-wp-\/wp-content\/uploads\/charte-de-la-laicite.jpg\">charte-de-la-laicite<\/a><a href=\"https:\/\/sitetab3.ac-reims.fr\/ec-juniville\/-wp-\/wp-content\/uploads\/charte-de-la-laicite.jpg\" class=\"wp-block-file__button\" download>T\u00e9l\u00e9charger<\/a><\/div>\n","protected":false},"excerpt":{"rendered":"<p>Madame, Monsieur, Vous voudrez bien prendre connaissance de la charte de la la\u00efcit\u00e9 \u00e0 l&rsquo;\u00e9cole ci- dessous et signer dans le tableau de communication de votre enfant a\u00een\u00e9 au p\u00f4le scolaire la ligne de l&rsquo;article paru en date du 15 \/09.<\/p>\n","protected":false},"author":1,"featured_media":0,"comment_status":"closed","ping_status":"open","sticky":false,"template":"","format":"standard","meta":{"ngg_post_thumbnail":0,"footnotes":""},"categories":[28,25],"tags":[],"_links":{"self":[{"href":"https:\/\/sitetab3.ac-reims.fr\/ec-juniville\/-wp-\/wp-json\/wp\/v2\/posts\/4483"}],"collection":[{"href":"https:\/\/sitetab3.ac-reims.fr\/ec-juniville\/-wp-\/wp-json\/wp\/v2\/posts"}],"about":[{"href":"https:\/\/sitetab3.ac-reims.fr\/ec-juniville\/-wp-\/wp-json\/wp\/v2\/types\/post"}],"author":[{"embeddable":true,"href":"https:\/\/sitetab3.ac-reims.fr\/ec-juniville\/-wp-\/wp-json\/wp\/v2\/users\/1"}],"replies":[{"embeddable":true,"href":"https:\/\/sitetab3.ac-reims.fr\/ec-juniville\/-wp-\/wp-json\/wp\/v2\/comments?post=4483"}],"version-history":[{"count":1,"href":"https:\/\/sitetab3.ac-reims.fr\/ec-juniville\/-wp-\/wp-json\/wp\/v2\/posts\/4483\/revisions"}],"predecessor-version":[{"id":4485,"href":"https:\/\/sitetab3.ac-reims.fr\/ec-juniville\/-wp-\/wp-json\/wp\/v2\/posts\/4483\/revisions\/4485"}],"wp:attachment":[{"href":"https:\/\/sitetab3.ac-reims.fr\/ec-juniville\/-wp-\/wp-json\/wp\/v2\/media?parent=4483"}],"wp:term":[{"taxonomy":"category","embeddable":true,"href":"https:\/\/sitetab3.ac-reims.fr\/ec-juniville\/-wp-\/wp-json\/wp\/v2\/categories?post=4483"},{"taxonomy":"post_tag","embeddable":true,"href":"https:\/\/sitetab3.ac-reims.fr\/ec-juniville\/-wp-\/wp-json\/wp\/v2\/tags?post=4483"}],"curies":[{"name":"wp","href":"https:\/\/api.w.org\/{rel}","templated":true}]}}