{"id":5171,"date":"2025-07-04T16:40:00","date_gmt":"2025-07-04T14:40:00","guid":{"rendered":"https:\/\/sitetab3.ac-reims.fr\/ec-juniville\/-wp-\/?p=5171"},"modified":"2025-06-13T14:25:31","modified_gmt":"2025-06-13T12:25:31","slug":"bel-ete-a-tous","status":"publish","type":"post","link":"https:\/\/sitetab3.ac-reims.fr\/ec-juniville\/-wp-\/bel-ete-a-tous\/","title":{"rendered":"Bel \u00e9t\u00e9 \u00e0 tous"},"content":{"rendered":"\n<figure class=\"wp-block-image size-full\"><img loading=\"lazy\" decoding=\"async\" width=\"332\" height=\"238\" src=\"https:\/\/sitetab3.ac-reims.fr\/ec-juniville\/-wp-\/wp-content\/uploads\/bel-ete.jpg\" alt=\"\" class=\"wp-image-5172\" srcset=\"https:\/\/sitetab3.ac-reims.fr\/ec-juniville\/-wp-\/wp-content\/uploads\/bel-ete.jpg 332w, https:\/\/sitetab3.ac-reims.fr\/ec-juniville\/-wp-\/wp-content\/uploads\/bel-ete-300x215.jpg 300w\" sizes=\"(max-width: 332px) 100vw, 332px\" \/><\/figure>\n\n\n\n<p>Et n&rsquo;oubliez pas pour les \u00e9l\u00e8ves qui seront en CP, CE1, CE2, CM1 ou encore CM2  LES DEVOIRS DE VACANCES  avec le flashmob pour le jour de la rentr\u00e9e !<\/p>\n\n\n\n<p><\/p>\n","protected":false},"excerpt":{"rendered":"<p>Et n&rsquo;oubliez pas pour les \u00e9l\u00e8ves qui seront en CP, CE1, CE2, CM1 ou encore CM2 LES DEVOIRS DE VACANCES avec le flashmob pour le jour de la rentr\u00e9e !<\/p>\n","protected":false},"author":1,"featured_media":0,"comment_status":"closed","ping_status":"open","sticky":false,"template":"","format":"standard","meta":{"ngg_post_thumbnail":0,"footnotes":""},"categories":[28,25],"tags":[],"_links":{"self":[{"href":"https:\/\/sitetab3.ac-reims.fr\/ec-juniville\/-wp-\/wp-json\/wp\/v2\/posts\/5171"}],"collection":[{"href":"https:\/\/sitetab3.ac-reims.fr\/ec-juniville\/-wp-\/wp-json\/wp\/v2\/posts"}],"about":[{"href":"https:\/\/sitetab3.ac-reims.fr\/ec-juniville\/-wp-\/wp-json\/wp\/v2\/types\/post"}],"author":[{"embeddable":true,"href":"https:\/\/sitetab3.ac-reims.fr\/ec-juniville\/-wp-\/wp-json\/wp\/v2\/users\/1"}],"replies":[{"embeddable":true,"href":"https:\/\/sitetab3.ac-reims.fr\/ec-juniville\/-wp-\/wp-json\/wp\/v2\/comments?post=5171"}],"version-history":[{"count":3,"href":"https:\/\/sitetab3.ac-reims.fr\/ec-juniville\/-wp-\/wp-json\/wp\/v2\/posts\/5171\/revisions"}],"predecessor-version":[{"id":5596,"href":"https:\/\/sitetab3.ac-reims.fr\/ec-juniville\/-wp-\/wp-json\/wp\/v2\/posts\/5171\/revisions\/5596"}],"wp:attachment":[{"href":"https:\/\/sitetab3.ac-reims.fr\/ec-juniville\/-wp-\/wp-json\/wp\/v2\/media?parent=5171"}],"wp:term":[{"taxonomy":"category","embeddable":true,"href":"https:\/\/sitetab3.ac-reims.fr\/ec-juniville\/-wp-\/wp-json\/wp\/v2\/categories?post=5171"},{"taxonomy":"post_tag","embeddable":true,"href":"https:\/\/sitetab3.ac-reims.fr\/ec-juniville\/-wp-\/wp-json\/wp\/v2\/tags?post=5171"}],"curies":[{"name":"wp","href":"https:\/\/api.w.org\/{rel}","templated":true}]}}