{"id":5567,"date":"2024-06-14T11:19:30","date_gmt":"2024-06-14T09:19:30","guid":{"rendered":"https:\/\/sitetab3.ac-reims.fr\/ec-juniville\/-wp-\/?p=5567"},"modified":"2024-06-14T23:26:27","modified_gmt":"2024-06-14T21:26:27","slug":"et-vous-deveniez-mecenes-pour-le-pole-scolaire","status":"publish","type":"post","link":"https:\/\/sitetab3.ac-reims.fr\/ec-juniville\/-wp-\/et-vous-deveniez-mecenes-pour-le-pole-scolaire\/","title":{"rendered":"Et si vous deveniez m\u00e9c\u00e8nes  pour le p\u00f4le scolaire ?"},"content":{"rendered":"\n<figure class=\"wp-block-image size-large\"><img loading=\"lazy\" decoding=\"async\" width=\"1024\" height=\"707\" src=\"https:\/\/sitetab3.ac-reims.fr\/ec-juniville\/-wp-\/wp-content\/uploads\/DON1-1024x707.png\" alt=\"\" class=\"wp-image-5568\" srcset=\"https:\/\/sitetab3.ac-reims.fr\/ec-juniville\/-wp-\/wp-content\/uploads\/DON1-1024x707.png 1024w, https:\/\/sitetab3.ac-reims.fr\/ec-juniville\/-wp-\/wp-content\/uploads\/DON1-300x207.png 300w, https:\/\/sitetab3.ac-reims.fr\/ec-juniville\/-wp-\/wp-content\/uploads\/DON1-768x530.png 768w, https:\/\/sitetab3.ac-reims.fr\/ec-juniville\/-wp-\/wp-content\/uploads\/DON1.png 1142w\" sizes=\"(max-width: 1024px) 100vw, 1024px\" \/><\/figure>\n\n\n\n<figure class=\"wp-block-image size-full\"><img loading=\"lazy\" decoding=\"async\" width=\"882\" height=\"553\" src=\"https:\/\/sitetab3.ac-reims.fr\/ec-juniville\/-wp-\/wp-content\/uploads\/DON2.png\" alt=\"\" class=\"wp-image-5569\" srcset=\"https:\/\/sitetab3.ac-reims.fr\/ec-juniville\/-wp-\/wp-content\/uploads\/DON2.png 882w, https:\/\/sitetab3.ac-reims.fr\/ec-juniville\/-wp-\/wp-content\/uploads\/DON2-300x188.png 300w, https:\/\/sitetab3.ac-reims.fr\/ec-juniville\/-wp-\/wp-content\/uploads\/DON2-768x482.png 768w\" sizes=\"(max-width: 882px) 100vw, 882px\" \/><\/figure>\n\n\n\n<p>Mon petit doigt me dit que les temps vont \u00eatre  durs pour boucler nos budgets pr\u00e9visionnels  et qu\u2019\u00e0  d\u00e9faut  d\u2019avoir en notre possession la planche \u00e0  billets, on va compter sur la g\u00e9n\u00e9rosit\u00e9! En plus, vous aurez un cr\u00e9dit  d\u2019imp\u00f4ts \u00e0 hauteur de 66%.<\/p>\n","protected":false},"excerpt":{"rendered":"<p>Mon petit doigt me dit que les temps vont \u00eatre durs pour boucler nos budgets pr\u00e9visionnels et qu\u2019\u00e0 d\u00e9faut d\u2019avoir en notre possession la planche \u00e0 billets, on va compter sur la g\u00e9n\u00e9rosit\u00e9! En plus, vous aurez un cr\u00e9dit d\u2019imp\u00f4ts \u00e0 hauteur de 66%.<\/p>\n","protected":false},"author":1,"featured_media":0,"comment_status":"closed","ping_status":"open","sticky":false,"template":"","format":"standard","meta":{"ngg_post_thumbnail":0,"footnotes":""},"categories":[28,25],"tags":[],"_links":{"self":[{"href":"https:\/\/sitetab3.ac-reims.fr\/ec-juniville\/-wp-\/wp-json\/wp\/v2\/posts\/5567"}],"collection":[{"href":"https:\/\/sitetab3.ac-reims.fr\/ec-juniville\/-wp-\/wp-json\/wp\/v2\/posts"}],"about":[{"href":"https:\/\/sitetab3.ac-reims.fr\/ec-juniville\/-wp-\/wp-json\/wp\/v2\/types\/post"}],"author":[{"embeddable":true,"href":"https:\/\/sitetab3.ac-reims.fr\/ec-juniville\/-wp-\/wp-json\/wp\/v2\/users\/1"}],"replies":[{"embeddable":true,"href":"https:\/\/sitetab3.ac-reims.fr\/ec-juniville\/-wp-\/wp-json\/wp\/v2\/comments?post=5567"}],"version-history":[{"count":2,"href":"https:\/\/sitetab3.ac-reims.fr\/ec-juniville\/-wp-\/wp-json\/wp\/v2\/posts\/5567\/revisions"}],"predecessor-version":[{"id":5572,"href":"https:\/\/sitetab3.ac-reims.fr\/ec-juniville\/-wp-\/wp-json\/wp\/v2\/posts\/5567\/revisions\/5572"}],"wp:attachment":[{"href":"https:\/\/sitetab3.ac-reims.fr\/ec-juniville\/-wp-\/wp-json\/wp\/v2\/media?parent=5567"}],"wp:term":[{"taxonomy":"category","embeddable":true,"href":"https:\/\/sitetab3.ac-reims.fr\/ec-juniville\/-wp-\/wp-json\/wp\/v2\/categories?post=5567"},{"taxonomy":"post_tag","embeddable":true,"href":"https:\/\/sitetab3.ac-reims.fr\/ec-juniville\/-wp-\/wp-json\/wp\/v2\/tags?post=5567"}],"curies":[{"name":"wp","href":"https:\/\/api.w.org\/{rel}","templated":true}]}}