{"id":557,"date":"2025-08-30T10:17:00","date_gmt":"2025-08-30T08:17:00","guid":{"rendered":"http:\/\/sitetab3.ac-reims.fr\/ec-juniville\/-wp-\/?p=557"},"modified":"2025-06-13T14:29:44","modified_gmt":"2025-06-13T12:29:44","slug":"horaires-decole-pour-la-rentree-de-septembre-2018","status":"publish","type":"post","link":"https:\/\/sitetab3.ac-reims.fr\/ec-juniville\/-wp-\/horaires-decole-pour-la-rentree-de-septembre-2018\/","title":{"rendered":"Horaires d&rsquo;\u00e9cole"},"content":{"rendered":"<p>Chers parents,<br \/>\nLe p\u00f4le scolaire de Juniville accueille les \u00e9l\u00e8ves&nbsp; 4 jours par semaine,&nbsp;le lundi- mardi- jeudi- vendredi aux horaires suivants :<br \/>\nle matin <strong>9h -12h<\/strong><br \/>\nl&rsquo;apr\u00e8s- midi <strong>13h30 \u2013 16h30<\/strong><br \/>\n<strong>Les \u00e9l\u00e8ves sont accueillis<\/strong> \u00e0 l&rsquo;\u00e9cole le matin <strong>\u00e0 partir de 8h50<\/strong> et ce jusque 9h<strong> et<\/strong> l&rsquo;apr\u00e8s- midi <strong>\u00e0 partir de 13h20<\/strong> et ce jusque 13h30.<br \/>\n<span style=\"text-decoration: underline;\">Un respect strict des horaires&nbsp;&nbsp;est exig\u00e9&nbsp; : tous les \u00e9l\u00e8ves doivent \u00eatre pr\u00e9sents \u00e0 9h et \u00e0 13h30<\/span>.<br \/>\nJe vous remercie par avance de votre compr\u00e9hension.<br \/>\nMme Fiqu\u00e9mont, la directrice<\/p>\n","protected":false},"excerpt":{"rendered":"<p>Chers parents, Le p\u00f4le scolaire de Juniville accueille les \u00e9l\u00e8ves&nbsp; 4 jours par semaine,&nbsp;le lundi- mardi- jeudi- vendredi aux horaires suivants : le matin 9h -12h l&rsquo;apr\u00e8s- midi 13h30 \u2013 16h30 Les \u00e9l\u00e8ves sont accueillis \u00e0 l&rsquo;\u00e9cole le matin \u00e0 partir de 8h50 et ce jusque 9h et l&rsquo;apr\u00e8s- midi \u00e0 partir de 13h20 et [&hellip;]<\/p>\n","protected":false},"author":1,"featured_media":0,"comment_status":"open","ping_status":"open","sticky":false,"template":"","format":"standard","meta":{"ngg_post_thumbnail":0,"footnotes":""},"categories":[28,25],"tags":[],"_links":{"self":[{"href":"https:\/\/sitetab3.ac-reims.fr\/ec-juniville\/-wp-\/wp-json\/wp\/v2\/posts\/557"}],"collection":[{"href":"https:\/\/sitetab3.ac-reims.fr\/ec-juniville\/-wp-\/wp-json\/wp\/v2\/posts"}],"about":[{"href":"https:\/\/sitetab3.ac-reims.fr\/ec-juniville\/-wp-\/wp-json\/wp\/v2\/types\/post"}],"author":[{"embeddable":true,"href":"https:\/\/sitetab3.ac-reims.fr\/ec-juniville\/-wp-\/wp-json\/wp\/v2\/users\/1"}],"replies":[{"embeddable":true,"href":"https:\/\/sitetab3.ac-reims.fr\/ec-juniville\/-wp-\/wp-json\/wp\/v2\/comments?post=557"}],"version-history":[{"count":4,"href":"https:\/\/sitetab3.ac-reims.fr\/ec-juniville\/-wp-\/wp-json\/wp\/v2\/posts\/557\/revisions"}],"predecessor-version":[{"id":3807,"href":"https:\/\/sitetab3.ac-reims.fr\/ec-juniville\/-wp-\/wp-json\/wp\/v2\/posts\/557\/revisions\/3807"}],"wp:attachment":[{"href":"https:\/\/sitetab3.ac-reims.fr\/ec-juniville\/-wp-\/wp-json\/wp\/v2\/media?parent=557"}],"wp:term":[{"taxonomy":"category","embeddable":true,"href":"https:\/\/sitetab3.ac-reims.fr\/ec-juniville\/-wp-\/wp-json\/wp\/v2\/categories?post=557"},{"taxonomy":"post_tag","embeddable":true,"href":"https:\/\/sitetab3.ac-reims.fr\/ec-juniville\/-wp-\/wp-json\/wp\/v2\/tags?post=557"}],"curies":[{"name":"wp","href":"https:\/\/api.w.org\/{rel}","templated":true}]}}